{"id":93,"date":"2014-04-29T11:49:36","date_gmt":"2014-04-29T11:49:36","guid":{"rendered":"http:\/\/clubelpasillo.com\/?p=93"},"modified":"2014-05-16T00:10:16","modified_gmt":"2014-05-16T00:10:16","slug":"cena-marzo-2011-en-jolaseta-charlas-de-ibon-amatriain-y-gallo","status":"publish","type":"post","link":"https:\/\/clubelpasillo.com\/?p=93","title":{"rendered":"Cena Marzo 2011 en Jolaseta: Charlas de Ibon Amatriain y Gallo."},"content":{"rendered":"<p dir=\"LTR\" align=\"LEFT\">Seguro este 25 de marzo lo recordaremos como un gran d\u00eda por haber sido una gran noche. A pesar de que como siempre, y aunque tratemos de tener en cuenta los menores detalles, hay algo que a \u00faltima hora nos distorsiona los planes. Sin embargo esta vez y a pesar de estos peque\u00f1os contratiempos la noche transcurri\u00f3 posiblemente mejor a\u00fan que lo previsto. La asistencia fue alta y la media de edad aument\u00f3 (siempre buena se\u00f1al), al final llegamos ser cuarenta y siete.<\/p>\n<p dir=\"LTR\" align=\"LEFT\"><a href=\"http:\/\/clubelpasillo.com\/wp-content\/uploads\/2014\/04\/Cena-Marzo-2011-en-Jolaseta.jpg\"><img loading=\"lazy\" decoding=\"async\" class=\"size-medium wp-image-95 aligncenter\" alt=\"Cena Marzo 2011 en Jolaseta\" src=\"http:\/\/clubelpasillo.com\/wp-content\/uploads\/2014\/04\/Cena-Marzo-2011-en-Jolaseta-300x225.jpg\" width=\"300\" height=\"225\" srcset=\"https:\/\/clubelpasillo.com\/wp-content\/uploads\/2014\/04\/Cena-Marzo-2011-en-Jolaseta-300x225.jpg 300w, https:\/\/clubelpasillo.com\/wp-content\/uploads\/2014\/04\/Cena-Marzo-2011-en-Jolaseta-73x55.jpg 73w, https:\/\/clubelpasillo.com\/wp-content\/uploads\/2014\/04\/Cena-Marzo-2011-en-Jolaseta-310x232.jpg 310w, https:\/\/clubelpasillo.com\/wp-content\/uploads\/2014\/04\/Cena-Marzo-2011-en-Jolaseta-75x55.jpg 75w, https:\/\/clubelpasillo.com\/wp-content\/uploads\/2014\/04\/Cena-Marzo-2011-en-Jolaseta-65x50.jpg 65w, https:\/\/clubelpasillo.com\/wp-content\/uploads\/2014\/04\/Cena-Marzo-2011-en-Jolaseta.jpg 333w\" sizes=\"auto, (max-width: 300px) 100vw, 300px\" \/><\/a><\/p>\n<p dir=\"LTR\" align=\"LEFT\">Comenzamos con el picoteo, puntuales, para al cabo de una hora empezar a ver las fotos del ba\u00f1o de carnaval sobre una pantalla cuasi gigante y con una calidad extraordinaria gracias al proyector. Los participantes, esta vez nada de veinte, sino cuatro disfrazados y uno al que no le dio tiempo a disfrazarse pero realiz\u00f3 el ba\u00f1o de admisi\u00f3n al Club, (Ignacio P\u00e9rez) hac\u00edan surf como pod\u00edan o les permit\u00edan los disfraces, que nunca ayudan y menos a tipos como Neptuno, pero las olas estaban realmente bien, un metro facil\u00f3n para poder remar a gusto y coger las olas de tres en tres.<\/p>\n<p dir=\"LTR\" align=\"LEFT\">A continuaci\u00f3n se realiz\u00f3 el reparto de premios del carnaval. \u00abEl Moro\u00bb se llev\u00f3 la consolaci\u00f3n, \u00abT\u00edo Guay con mi novia y mi musicota\u00bb tercero, \u00abMickey\u00bb segundo y \u00abNeptuno\u00bb primero. Ibon Amatriain hizo la entrega de las correspondientes maderas. Despu\u00e9s Eduardo Luca, junto a H\u00e9ctor Barrrero (viejo conocido como Innocent) y Carlos Beraza (cl\u00e1sico c\u00e1ntabro y persona encantadora), nos hicieron una presentaci\u00f3n del nuevo Gerra Surf Camp. Un proyecto que tiene muy buena pinta y esperamos poder aprovecharlo para nuestros hijos. Para terminar y como detalle, nos pasaron una pel\u00edcula de Mundaka preparada por Innocent que result\u00f3 una verdadera gozada.<\/p>\n<p dir=\"LTR\" align=\"LEFT\">Entonces entramos con el plato fuerte y m\u00e1s esperado de la noche. Les tocaba el turno a Ibon Amatiain y su amigo Gallo mientras el tercer acompa\u00f1ante, que adem\u00e1s hizo de chofer (Rub\u00e9n ), observaba; como el resto desde la tribuna. El primero fue Gallo que, despu\u00e9s de hacer un breve resumen de c\u00f3mo hab\u00eda evolucionado el Surf en los \u00faltimos a\u00f1os, se centr\u00f3 en la preparaci\u00f3n f\u00edsica en general y de los surfistas en particular. Posteriormente tuvo que sufrir la lluvia de preguntas por parte de todos, ya que no suele ser frecuente tener la oportunidad de dirigir este tipo de cuestiones a un profesional.<\/p>\n<p dir=\"LTR\" align=\"LEFT\">Luego le toc\u00f3 el turno a Ibon qui\u00e9n tambi\u00e9n recibi\u00f3 en los primeros momentos de su intervenci\u00f3n la misma lluvia de preguntas, a las cuales, pese a su fama de ser una persona t\u00edmida y no derrochadora de palabras, se enfrent\u00f3 de una forma muy natural, dando respuestas muy claras y concisas. Tras ver un par de \u00abcortos\u00bb de olas de siete metros que dejaron al personal realmente sentados (ya lo estaban en general) se procedi\u00f3 a la entrega de un polo y un tabloncillo del Club para Ibon y una camiseta para Gallo.<\/p>\n<p dir=\"LTR\" align=\"LEFT\">Terminamos la velada con la entrega de carn\u00e9s por parte de Berni a los nuevos socios, Juan Carlos Pradera y Jon Andrade.<\/p>\n<p dir=\"LTR\" align=\"LEFT\">Nos queda agradecer de nuevo a Ibon Amatriain y Gallo su presencia y esperar que en el futuro podamos repetir la experiencia.<\/p>\n<p dir=\"LTR\" align=\"LEFT\">El Presi, Marzo 2011<\/p>\n","protected":false},"excerpt":{"rendered":"<p>Seguro este 25 de marzo lo recordaremos como un gran d\u00eda por haber sido una gran noche. A pesar de que como siempre, y aunque tratemos de tener en cuenta los menores detalles, hay algo&#8230;<\/p>\n","protected":false},"author":2,"featured_media":0,"comment_status":"open","ping_status":"open","sticky":false,"template":"","format":"standard","meta":{"footnotes":""},"categories":[10],"tags":[],"class_list":["post-93","post","type-post","status-publish","format-standard","hentry","category-carrusel"],"_links":{"self":[{"href":"https:\/\/clubelpasillo.com\/index.php?rest_route=\/wp\/v2\/posts\/93","targetHints":{"allow":["GET"]}}],"collection":[{"href":"https:\/\/clubelpasillo.com\/index.php?rest_route=\/wp\/v2\/posts"}],"about":[{"href":"https:\/\/clubelpasillo.com\/index.php?rest_route=\/wp\/v2\/types\/post"}],"author":[{"embeddable":true,"href":"https:\/\/clubelpasillo.com\/index.php?rest_route=\/wp\/v2\/users\/2"}],"replies":[{"embeddable":true,"href":"https:\/\/clubelpasillo.com\/index.php?rest_route=%2Fwp%2Fv2%2Fcomments&post=93"}],"version-history":[{"count":2,"href":"https:\/\/clubelpasillo.com\/index.php?rest_route=\/wp\/v2\/posts\/93\/revisions"}],"predecessor-version":[{"id":96,"href":"https:\/\/clubelpasillo.com\/index.php?rest_route=\/wp\/v2\/posts\/93\/revisions\/96"}],"wp:attachment":[{"href":"https:\/\/clubelpasillo.com\/index.php?rest_route=%2Fwp%2Fv2%2Fmedia&parent=93"}],"wp:term":[{"taxonomy":"category","embeddable":true,"href":"https:\/\/clubelpasillo.com\/index.php?rest_route=%2Fwp%2Fv2%2Fcategories&post=93"},{"taxonomy":"post_tag","embeddable":true,"href":"https:\/\/clubelpasillo.com\/index.php?rest_route=%2Fwp%2Fv2%2Ftags&post=93"}],"curies":[{"name":"wp","href":"https:\/\/api.w.org\/{rel}","templated":true}]}}