{"id":81,"date":"2014-04-29T11:34:06","date_gmt":"2014-04-29T11:34:06","guid":{"rendered":"http:\/\/clubelpasillo.com\/?p=81"},"modified":"2014-10-22T17:42:55","modified_gmt":"2014-10-22T17:42:55","slug":"festival-el-pasillo-2012-olas-buenisimas-y-cierre-pasado-por-agua","status":"publish","type":"post","link":"https:\/\/clubelpasillo.com\/?p=81","title":{"rendered":"Festival el Pasillo 2012: Olas buen\u00edsimas y cierre pasado por agua."},"content":{"rendered":"<p>Hasta el Madelman surfista que ten\u00eda de ni\u00f1o hubiera torcido los morros viendo las olitas que romp\u00edan en la orilla (\u00abvaya kk de olas\u00bb). Unos peque\u00f1os rastros de espuma cubr\u00edan los 3 metros escasos que iban desde la rompiente a la arena en el per\u00edmetro de un un aceitoso mar atacado por la mosca tse-tse. Transcurr\u00eda indolente el fin de semana previo al 8\u00ba Festival de Surf Cl\u00e1sico El Pasillo en la playa de Sopelana (atenci\u00f3n no confundirse, este es el 8\u00ba y no el 7\u00ba).<\/p>\n<p>\u00abTranquilos\u00bb &#8211; dec\u00eda Javi Barquin &#8211; \u00abque la predicci\u00f3n en internet es que viene borrasca y olas de metro y medio, por lo menos\u00bb<\/p>\n<p><a href=\"http:\/\/clubelpasillo.com\/wp-content\/uploads\/2014\/04\/Festival-Pasillo-2013.jpg\"><img loading=\"lazy\" decoding=\"async\" class=\"size-medium wp-image-82 aligncenter\" alt=\"Festival Pasillo 2013\" src=\"http:\/\/clubelpasillo.com\/wp-content\/uploads\/2014\/04\/Festival-Pasillo-2013-300x200.jpg\" width=\"300\" height=\"200\" srcset=\"https:\/\/clubelpasillo.com\/wp-content\/uploads\/2014\/04\/Festival-Pasillo-2013-300x200.jpg 300w, https:\/\/clubelpasillo.com\/wp-content\/uploads\/2014\/04\/Festival-Pasillo-2013-82x55.jpg 82w, https:\/\/clubelpasillo.com\/wp-content\/uploads\/2014\/04\/Festival-Pasillo-2013-310x206.jpg 310w, https:\/\/clubelpasillo.com\/wp-content\/uploads\/2014\/04\/Festival-Pasillo-2013.jpg 550w\" sizes=\"auto, (max-width: 300px) 100vw, 300px\" \/><\/a><\/p>\n<p>Y la gente le sonre\u00eda con simpat\u00eda, o bien movidos por la esperanza, o por las expectativas, o por desidia, o por ense\u00f1ar los dientes de pura rabia&#8230; cada cual tiene sus motivos. Pero, a la hora de la verdad, el 9 de Junio de 2012, d\u00eda del festival las rayas que se acercaban desde el horizonte confirmaban, y algunas superaban con creces, las previsiones del optimista y siempre activo Javi. Metro y medio sostenido con series de entre 5 y 6 olas (y sin exagerar, entr\u00f3 alguna serie en la manga tercera o cuarta de alrededor de 8 olones seguidos que dispers\u00f3 a los participantes como hojas al viento), con potencia, algunas de ellas cerronas, con izquierdas r\u00e1pidas y verticales y derechas que terminaban en las rocas que separan el pasillo del aparcamiento&#8230; probablemente las condiciones de mar m\u00e1s potentes que hemos tenido desde que el festival anual se comenz\u00f3 a celebrar en 2005.<\/p>\n<p>Si bien el programa se ha mantenido en las mismas l\u00edneas generales de otros a\u00f1os, en esta ocasi\u00f3n hubo cambio de formato en el campeonato, con mangas m\u00e1s largas y con m\u00e1s participantes (45 minutos) pensadas para que la gente se diera no m\u00e1s de un par de ba\u00f1os, en lugar de los tres o cuatro de otras ediciones, lo cual puede llegar a ser extenuante. Como es de esperar con cualquier cambio, hubo quien estuvo de acuerdo y quien prefer\u00eda el formato antiguo. En t\u00e9rminos objetivos, es decir, si atendemos a los resultados, no se apreci\u00f3 mucha diferencia: siguen ganando los mismos de siempre y los premios de consolaci\u00f3n se reparten entre los menos torpes (Ojo, que esto no es una cr\u00edtica \u00bfeh? es solo la descripci\u00f3n de una realidad; personalmente pienso que lo l\u00f3gico es que ganen los que mejor hacen surf as\u00ed que, en mi opini\u00f3n, ambas modalidades de campeonato hacen justicia a esa idea).<\/p>\n<p>Este a\u00f1o no nos han permitido poner los coches en la playa. Bueno, en realidad NUNCA nos lo hab\u00edan permitido pero por una sencilla raz\u00f3n: que tampoco hab\u00edamos pedido permiso. Y as\u00ed, a\u00f1o tras a\u00f1o la cosa se hab\u00eda quedado en un vac\u00edo administrativo del que nadie quiso sacar partido; la polic\u00eda municipal no ejecut\u00f3 acciones punitivas y el club encantado con sacar el desfile de antiguallas. Desgraciadamente, el organismo competente (no s\u00e9 si es la Dipu u otro) se ha dado cuenta de la jugada y este a\u00f1o decidi\u00f3 cubrir ese vac\u00edo tan entra\u00f1able para nosotros, prohibi\u00e9ndonos poner las cafeteras junto a la carpa de los jueces. \u00bfPor qu\u00e9 lo ha hecho? Qui lo sa!! Los coches no hacen da\u00f1o a nadie y est\u00e1n controlados por el club pero en un mundo donde la Normativa ya tiene car\u00e1cter de dogma religioso es mejor no hacer preguntas y buscar la manera en la que el a\u00f1o que viene solicitaremos el permiso para que s\u00ed nos permitan poner los coches. Hecha la ley, hecha la trampa.<\/p>\n<p>To\u00f1o volvi\u00f3 a pegarse la pechada de preparar la cena y este a\u00f1o acompa\u00f1\u00f3 los tradicionales choricillos y txistorra con un generoso arroz con mojojones. Y no hubo necesidad de amontonarse porque para todos hubo, gracias a la cantidad que prepar\u00f3, cifrada en dos (2) paelleras de la repera. Es de justicia consignar que el arroz no le qued\u00f3 tan bueno como otros a\u00f1os (otro maldito dato objetivo respaldado por la no menos maldita opini\u00f3n popular) pero el cronista no puede menos que alabar la disposici\u00f3n de este sorprendente cocinero improvisado que a\u00f1o tras a\u00f1o nos rescata de la inanici\u00f3n. Adem\u00e1s, quiz\u00e1 sea por la estricta educaci\u00f3n recibida o quiz\u00e1 por que me mor\u00eda de hambre tras los ba\u00f1os del d\u00eda pero repet\u00ed arroz hasta dos veces.<\/p>\n<p>Entrega de premios habitual, con el Presi a la cabeza, quien empez\u00f3 declamando un bonito paneg\u00edrico en loa de Douglas, invitado especial de esta edici\u00f3n, y a quien se entreg\u00f3 una foto recuperada de ya lejanos tiempos mostrando a un Douglas a mitad de una bajada espectacular en Mundaka.<\/p>\n<p>De los 24 viejos que se presentaron en total, los siguientes han merecido menci\u00f3n especial por mor de sus habilidades (o bien de la falta de habilidades de los dem\u00e1s, seg\u00fan se mire):<\/p>\n<p>1er puesto : Pitor<br \/>\n2\u00ba puesto : Cherra<br \/>\n3er puesto : Alfredo Solana<\/p>\n<p>Cuchara de palo: Borlas<br \/>\nTenedor de palo: I\u00f1igo<br \/>\nEsp\u00e1tula de palo: Pablo<\/p>\n<p>Y para cerrar el playero d\u00eda, el concierto apalabrado con el grupo de Rafa Aspiunza, a la saz\u00f3n llamado \u00abHey Mr. Neken\u00bb, se balanceaba sobre la tela de una ara\u00f1a, igual que los elefantes de la canci\u00f3n, ante el riesgo de electrocuci\u00f3n casi segura en caso de tocar bajo la lluvia que ca\u00eda pertinaz con la sola intenci\u00f3n de fastidiarnos el fin de fiesta. Y como ve\u00edan que no se ca\u00eda fueron a llamar a las puertas del bar por si acaso era posible tener el concierto a cubierto. Por H o por B no hubo consenso y, no siendo posible tocar ni fuera ni dentro, aqu\u00ed acab\u00f3 el festival de este a\u00f1o del Se\u00f1or de 2012.<\/p>\n<p>En t\u00e9rminos estrictos, aqu\u00ed debiera acabar la cr\u00f3nica del festival pero creo que es justo mencionar qu\u00e9 pas\u00f3 DESPUES de lo comentado en el p\u00e1rrafo anterior, ya que estuvo motivado por el propio festival. Partamos de la premisa de que los m\u00fasicos deben prepararse muy a conciencia durante semanas antes de poder dar un concierto. Hay que elegir el repertorio y practicarlo una y otra vez hasta que salga perfecto. Eso genera una actitud mental que sencillamente no puede aceptar que a falta de unas horas para el concierto, \u00e9ste se suspenda sin una raz\u00f3n muy poderosa. Por ello, grandes m\u00fasicos han llegado a dar sus conciertos en las condiciones m\u00e1s miserables tan solo por descargar la tensi\u00f3n psicol\u00f3gica acumulada durante los ensayos (quien haya agarrado alguna vez una guitarra en p\u00fablico sabe a qu\u00e9 me refiero). Pues bien, desechando la opci\u00f3n de volverse a casa a ver la tele un s\u00e1bado tan prometedor, los chicos de \u00abHey Mr. Neken\u00bb tiraron de sus contactos y lograron que el bar Bamboo del Alto de Goierri les permitiera tocar en su local, y all\u00e1 se fueron montando todo sobre la marcha para empezar a las 22:30, con muy poquito retraso sobre el horario original. Todo un ejemplo de entrega al arte, teniendo en cuenta que adem\u00e1s lo hicieron sin cobrar absolutamente nada. Desgraciadamente, el cambio de local hizo que la mayor\u00eda de los asistentes al festival se desanimaran de ir hasta el Bamboo y tan solo unos pocos Pasilleros nos encontramos all\u00ed para disfrutar del apote\u00f3sico conciertazo que nos regalaron. Una pena, en serio, porque \u00abHey Mr. Neken\u00bb es un grupo de calidad muy superior a lo que nuestro club podr\u00eda permitirse contratar y perder la oportunidad de tenerles tocando para nosotros es algo que debi\u00e9ramos meditar con m\u00e1s cuidado.<\/p>\n<p>volviendo a la cr\u00f3nica y resumiendo: otro a\u00f1o, otro festival, otro \u00e9xito. Las tradiciones est\u00e1n m\u00e1s consolidadas que nunca: el Presi sigue siendo el basti\u00f3n, coraz\u00f3n, alma y m\u00fasculos del club, los Vilas siguen ganando, Pablo sigue descultivando su luenga barba y Germantxu apareci\u00f3 con una chica nueva. Gracias especiales a los que han tomado el relevo, sobre todo a Javi Barqu\u00edn y a Alfonso Escudero (quien por cierto ha dise\u00f1ado el cartel de este a\u00f1o) por su excelente contribuci\u00f3n. El primer a\u00f1o nos pregunt\u00e1bamos cu\u00e1nto durar\u00edamos, ya podemos responder que como m\u00ednimo ocho a\u00f1os&#8230; que sean ocho y ocho, \u00a1\u00a1diecis\u00e9is!!.<\/p>\n<p>Germantxu, Junio 2012<\/p>\n<p><a href=\"http:\/\/clubelpasillo.com\/?p=448\">Ir a la galer\u00eda de \u00a0fotos<\/a><\/p>\n","protected":false},"excerpt":{"rendered":"<p>Hasta el Madelman surfista que ten\u00eda de ni\u00f1o hubiera torcido los morros viendo las olitas que romp\u00edan en la orilla (\u00abvaya kk de olas\u00bb). Unos peque\u00f1os rastros de espuma cubr\u00edan los 3 metros escasos que&#8230;<\/p>\n","protected":false},"author":1,"featured_media":0,"comment_status":"open","ping_status":"open","sticky":false,"template":"","format":"standard","meta":{"footnotes":""},"categories":[5],"tags":[],"class_list":["post-81","post","type-post","status-publish","format-standard","hentry","category-noticias"],"_links":{"self":[{"href":"https:\/\/clubelpasillo.com\/index.php?rest_route=\/wp\/v2\/posts\/81","targetHints":{"allow":["GET"]}}],"collection":[{"href":"https:\/\/clubelpasillo.com\/index.php?rest_route=\/wp\/v2\/posts"}],"about":[{"href":"https:\/\/clubelpasillo.com\/index.php?rest_route=\/wp\/v2\/types\/post"}],"author":[{"embeddable":true,"href":"https:\/\/clubelpasillo.com\/index.php?rest_route=\/wp\/v2\/users\/1"}],"replies":[{"embeddable":true,"href":"https:\/\/clubelpasillo.com\/index.php?rest_route=%2Fwp%2Fv2%2Fcomments&post=81"}],"version-history":[{"count":4,"href":"https:\/\/clubelpasillo.com\/index.php?rest_route=\/wp\/v2\/posts\/81\/revisions"}],"predecessor-version":[{"id":586,"href":"https:\/\/clubelpasillo.com\/index.php?rest_route=\/wp\/v2\/posts\/81\/revisions\/586"}],"wp:attachment":[{"href":"https:\/\/clubelpasillo.com\/index.php?rest_route=%2Fwp%2Fv2%2Fmedia&parent=81"}],"wp:term":[{"taxonomy":"category","embeddable":true,"href":"https:\/\/clubelpasillo.com\/index.php?rest_route=%2Fwp%2Fv2%2Fcategories&post=81"},{"taxonomy":"post_tag","embeddable":true,"href":"https:\/\/clubelpasillo.com\/index.php?rest_route=%2Fwp%2Fv2%2Ftags&post=81"}],"curies":[{"name":"wp","href":"https:\/\/api.w.org\/{rel}","templated":true}]}}