{"id":782,"date":"2015-03-31T09:27:56","date_gmt":"2015-03-31T09:27:56","guid":{"rendered":"http:\/\/clubelpasillo.com\/?p=782"},"modified":"2015-03-31T09:27:56","modified_gmt":"2015-03-31T09:27:56","slug":"la-primera-ola","status":"publish","type":"post","link":"https:\/\/clubelpasillo.com\/?p=782","title":{"rendered":"La primera ola"},"content":{"rendered":"<p>El pr\u00f3ximo Junio se estrenar\u00e1 \u00abLa Primera Ola\u00bb, de Pedro Temboury, un documental que se centra en siete momentos muy representativos\u00a0de los principios del surf en Espa\u00f1a.<\/p>\n<p><img loading=\"lazy\" decoding=\"async\" class=\"attachment-266x266 alignleft\" alt=\"Cartel_La_primera_ola\" src=\"http:\/\/clubelpasillo.com\/wp-content\/uploads\/2015\/03\/Cartel_La_primera_ola_ONLINE-210x300.jpg\" width=\"186\" height=\"266\" \/>Son historias emocionantes, de superaci\u00f3n\u00a0personal, de b\u00fasqueda de una identidad\u2026 Historias como la de F\u00e9lix Cueto o\u00a0c\u00f3mo un chaval de Oviedo hace una tabla bas\u00e1ndose en una portada de los\u00a0Beach Boys y surfea por primera vez en el 62 o la historia de la comuna hippysurfera\u00a0de Casa Lola en los setentas y que fueron pioneros a la hora de fabricar\u00a0tablas de calidad en nuestro pa\u00eds, o el nacimiento del surf en el Mediterr\u00e1neo\u00a0gracias al tes\u00f3n de Pepe Almoguera y unos aguerridos surfers, o c\u00f3mo las Islas\u00a0Canarias se convirtieron en el Hawaii atl\u00e1ntico\u2026 a costa de masificarse. O la\u00a0historia de los hermanos Gulley, dos australianos que descubrieron en la costa\u00a0asturiana olas que mejoraban a las de su Australia natal, tambi\u00e9n conoceremos\u00a0c\u00f3mo se descubrieron las olas m\u00e1s m\u00edticas de nuestro pa\u00eds y c\u00f3mo se las\u00a0ingeniaban estos primitivos surfers para conseguir material con el que poder\u00a0practicar su nueva pasi\u00f3n, el surf.<\/p>\n<p>Os tendremos informados. Para saber m\u00e1s, pod\u00e9is visitar su web <a title=\"La primera ola\" href=\"http:\/\/laprimeraola.com\/\" target=\"_blank\">La Primera Ola<\/a>.<\/p>\n<hr \/>\n<p><strong>Ficha t\u00e9cnica<\/strong><\/p>\n<p>DURACI\u00d3N: 75 minutos<br \/>\nGENERO: Documental<br \/>\nCARACTER\u00cdSTICAS T\u00c9CNICAS: Grabado en Full HD. Material de archivo (s\u00faper8mm, v\u00eddeo 8mm y fotograf\u00eda) telecinado a Full HD.\u00a0Un documental de Pedro Temboury producido por Joc\u00e1ntaro Films y con la\u00a0participaci\u00f3n de VANS y Canal Plus.<br \/>\nMontaje: Pedro Temboury.<br \/>\nC\u00e1mara: Pablo Villa.<br \/>\nGrafismos: Salvador Llanes.<br \/>\nSonido: Jos\u00e9 Luis V\u00e1zquez Megara.<br \/>\nArchivo S\u00faper 8 y V\u00eddeo: Jes\u00fas Fiochi, Zalo Campa, Familia Cueto, Estanis\u00a0Escauriaza, Carlos Neville, Gonzalo Gandarias, Mecolay\u2026<br \/>\nM\u00fasica: Munster Records, El Toro Records, Subterfuge y Wild Punk Records.<br \/>\nGui\u00f3n: Pablo \u00c1lvarez y Pedro Temboury.<br \/>\nProducida y realizada por Pedro Temboury.<\/p>\n","protected":false},"excerpt":{"rendered":"<p>El pr\u00f3ximo Junio se estrenar\u00e1 \u00abLa Primera Ola\u00bb, de Pedro Temboury, un documental que se centra en siete momentos muy representativos\u00a0de los principios del surf en Espa\u00f1a. Son historias emocionantes, de superaci\u00f3n\u00a0personal, de b\u00fasqueda de&#8230;<\/p>\n","protected":false},"author":1,"featured_media":783,"comment_status":"open","ping_status":"open","sticky":false,"template":"","format":"standard","meta":{"footnotes":""},"categories":[5],"tags":[],"class_list":["post-782","post","type-post","status-publish","format-standard","has-post-thumbnail","hentry","category-noticias"],"_links":{"self":[{"href":"https:\/\/clubelpasillo.com\/index.php?rest_route=\/wp\/v2\/posts\/782","targetHints":{"allow":["GET"]}}],"collection":[{"href":"https:\/\/clubelpasillo.com\/index.php?rest_route=\/wp\/v2\/posts"}],"about":[{"href":"https:\/\/clubelpasillo.com\/index.php?rest_route=\/wp\/v2\/types\/post"}],"author":[{"embeddable":true,"href":"https:\/\/clubelpasillo.com\/index.php?rest_route=\/wp\/v2\/users\/1"}],"replies":[{"embeddable":true,"href":"https:\/\/clubelpasillo.com\/index.php?rest_route=%2Fwp%2Fv2%2Fcomments&post=782"}],"version-history":[{"count":7,"href":"https:\/\/clubelpasillo.com\/index.php?rest_route=\/wp\/v2\/posts\/782\/revisions"}],"predecessor-version":[{"id":790,"href":"https:\/\/clubelpasillo.com\/index.php?rest_route=\/wp\/v2\/posts\/782\/revisions\/790"}],"wp:featuredmedia":[{"embeddable":true,"href":"https:\/\/clubelpasillo.com\/index.php?rest_route=\/wp\/v2\/media\/783"}],"wp:attachment":[{"href":"https:\/\/clubelpasillo.com\/index.php?rest_route=%2Fwp%2Fv2%2Fmedia&parent=782"}],"wp:term":[{"taxonomy":"category","embeddable":true,"href":"https:\/\/clubelpasillo.com\/index.php?rest_route=%2Fwp%2Fv2%2Fcategories&post=782"},{"taxonomy":"post_tag","embeddable":true,"href":"https:\/\/clubelpasillo.com\/index.php?rest_route=%2Fwp%2Fv2%2Ftags&post=782"}],"curies":[{"name":"wp","href":"https:\/\/api.w.org\/{rel}","templated":true}]}}