{"id":731,"date":"2015-02-16T10:58:11","date_gmt":"2015-02-16T10:58:11","guid":{"rendered":"http:\/\/clubelpasillo.com\/?p=731"},"modified":"2015-02-16T10:58:11","modified_gmt":"2015-02-16T10:58:11","slug":"aquellos-maravillosos-anos-con-julito-por-eduardo-luca-de-tena","status":"publish","type":"post","link":"https:\/\/clubelpasillo.com\/?p=731","title":{"rendered":"AQUELLOS MARAVILLOSOS A\u00d1OS: &#8230; Con Julito (Por: Eduardo Luca de Tena)"},"content":{"rendered":"<p>&nbsp;<\/p>\n<p>\u00abHasta Siempre Julio del Val\u00bb<\/p>\n<p><a href=\"http:\/\/clubelpasillo.com\/wp-content\/uploads\/2014\/05\/77-terraza-julito.jpg\"><img loading=\"lazy\" decoding=\"async\" class=\"size-medium wp-image-234 aligncenter\" alt=\"77-terraza-julito\" src=\"http:\/\/clubelpasillo.com\/wp-content\/uploads\/2014\/05\/77-terraza-julito-300x203.jpg\" width=\"300\" height=\"203\" srcset=\"https:\/\/clubelpasillo.com\/wp-content\/uploads\/2014\/05\/77-terraza-julito-300x203.jpg 300w, https:\/\/clubelpasillo.com\/wp-content\/uploads\/2014\/05\/77-terraza-julito-80x55.jpg 80w, https:\/\/clubelpasillo.com\/wp-content\/uploads\/2014\/05\/77-terraza-julito-310x210.jpg 310w, https:\/\/clubelpasillo.com\/wp-content\/uploads\/2014\/05\/77-terraza-julito.jpg 848w\" sizes=\"auto, (max-width: 300px) 100vw, 300px\" \/><\/a><\/p>\n<p>Julito CD, embutido en su faja indescriptible, pero a\u00fan sin guantes de fregar, me mir\u00f3 de soslayo en la orilla de Sope cuando \u00edbamos a entrar al agua, al tiempo que yo lo observaba tratando de calibrar la audacia de su atuendo. \u00a0Era la primera vez que nos ve\u00edamos y lo recuerdo con claridad, ya que hicimos numerosas chanzas al respecto a lo largo de los a\u00f1os, a las que siempre respondi\u00f3 con estilo y buen humor. \u00a0Probablemente era 1974.<\/p>\n<p>Mi cuadrilla surfera conoc\u00eda al peculiar Julito. \u00a0De manera inesperada y sorprendente, el a\u00f1o anterior yo hab\u00eda aterrizado en el pernicioso seiscientos de Lui\u00e7ao Ybarra y acabado m\u00e1s de una noche en un antro-caser\u00edo en alg\u00fan lugar de Berango que prefiero no recordar. \u00a0As\u00ed que el tal Lui\u00e7ao (o Luisillo), su hermano (y mi compadre) Chema, Alexota, Javi Delclaux, Eduardo Escauri, Quique Mozo&#8230; arrendatarios del caser\u00edo, e invitados curiosamente procedentes de Sevilla como yo, pretend\u00edamos iniciar algo parecido al sex, drugs and rock&amp;roll. \u00a0Era una pose, lo que en realidad quer\u00edamos era surfear todos los d\u00edas, y con mucha suerte, tal vez ligar. \u00a0Todav\u00eda hoy nos vemos de vez en cuando; con Alex y Gonzalo Basterra incluso para surfear, y echamos de menos a Jabotxa, que con su estilo peculiar en busca siempre de mayor velocidad en la ola, sin mirar nunca atr\u00e1s, nos hizo pasar tan buenos ratos; cogorzas, p\u00f3ker, julepe, bodas, fiestas y campeonatos, incluidos.<\/p>\n<p>Mi hermano Nico, Tatono Garaiz\u00e1bal, Jes\u00fas Iturmendi y algunos m\u00e1s, ya ten\u00edan novia formal (casi todos hoy, abuelos y abuelas m\u00e1s o menos formales) y compart\u00edan las buenas sesiones de olas todo lo que pod\u00edan, pero casi nunca las noches de farra. \u00a0Julito solo pensaba en surfear; cuanto m\u00e1s, mejor.<\/p>\n<p>En el pack \u00a0Julito ven\u00eda incluido Berni, o viceversa, hermanos mayores en el surf y en la vida, que cuando los estragos que causaba la enfermedad arrasaban el cuerpo de Julio y la situaci\u00f3n se volv\u00eda mucho m\u00e1s dura cada d\u00eda, Berni, tantos a\u00f1os gamberro confeso, estaba ah\u00ed, respetando al detalle el proceso de la muerte digna de Julio, que era su expreso sagrado deseo, haci\u00e9ndose cargo de la situaci\u00f3n con absoluta clarividencia, compromiso y dedicaci\u00f3n para que Julio estuviese atendido en las mejores condiciones y cuidado por personas extraordinarias como Yon Ormaza y Diego&#8230; compa\u00f1eros de Facultad como Fernando Rebolledo, compa\u00f1eros de muchas sesiones surferas como Ignacio Navarro&#8230; y todos los que hab\u00e9is sido tan excelentes y llenos de humanidad en vuestra dedicaci\u00f3n a Julio, plasmada en la emotiva despedida que fue la celebraci\u00f3n de su \u00faltimo cumplea\u00f1os. \u00a0Lo siento Berni, ya te dije que har\u00eda p\u00fablico mi reconocimiento. Blood Brothers.<\/p>\n<p>&nbsp;<\/p>\n<p>De entre todas las vivencias tan intensamente compartidas contigo y Julio a lo largo de los a\u00f1os, Bernie, especial lugar para los campeonatos aqu\u00ed y all\u00e1 en los 70 esponsorizados por Gregorio Ceballos \u00abel Txati\u00bb, fundador del club de surf Iberduero y tantas veces el tercero (o primero) en discordia en sesiones contigo y Julito en Barrika, Sope, la Salvaje, Mundaka&#8230; o donde pillara; el WCT en Francia en el 88, cuando a la vuelta cenamos en Getaria jugosos chuletones y nos zambullimos en el puerto a la una de la ma\u00f1ana bajo una fina lluvia, encabezados una vez m\u00e1s por Atahualpa, con el cari\u00f1oso reproche de nuestras respectivas, apoyadas por Julito que no quiso sumarse a la fiesta infantil&#8230;, \u00a0la vez que me recogisteis en Sevilla (primavera del 79?, Julito sabe todas las fechas con precisi\u00f3n). \u00a0Hicimos turismo por la ciudad y montamos a caballo (Julito se acojon\u00f3 un poco al principio y t\u00fa te descojonabas. Debo tener alguna foto suya en alguna parte cabalgando finalmente en la vega de Carmona en Sevilla) para terminar surfeando contra todo pron\u00f3stico en las inmediaciones de San Pedro de Alc\u00e1ntara en nuestro trip con destino Marbella donde nos esperaba Enrique R. Zulueta&#8230;, y c\u00f3mo no, la gloriosa representaci\u00f3n federativa en Hossegor en el 80?, To\u00f1o Ybarra y yo de jueces, As\u00eds Fern\u00e1ndez \u00a0ganando el europeo junior, poniendo el list\u00f3n muy alto; y Julito y t\u00fa, presidente y vicepresidente de la Federaci\u00f3n Espa\u00f1ola de Surf, inmejorables representantes del surf patrio en aquellos maravillosos a\u00f1os.<\/p>\n<p>Por: Eduardo Luca de Tena<\/p>\n","protected":false},"excerpt":{"rendered":"<p>&nbsp; \u00abHasta Siempre Julio del Val\u00bb Julito CD, embutido en su faja indescriptible, pero a\u00fan sin guantes de fregar, me mir\u00f3 de soslayo en la orilla de Sope cuando \u00edbamos a entrar al agua, al&#8230;<\/p>\n","protected":false},"author":4,"featured_media":0,"comment_status":"open","ping_status":"open","sticky":false,"template":"","format":"standard","meta":{"footnotes":""},"categories":[5],"tags":[],"class_list":["post-731","post","type-post","status-publish","format-standard","hentry","category-noticias"],"_links":{"self":[{"href":"https:\/\/clubelpasillo.com\/index.php?rest_route=\/wp\/v2\/posts\/731","targetHints":{"allow":["GET"]}}],"collection":[{"href":"https:\/\/clubelpasillo.com\/index.php?rest_route=\/wp\/v2\/posts"}],"about":[{"href":"https:\/\/clubelpasillo.com\/index.php?rest_route=\/wp\/v2\/types\/post"}],"author":[{"embeddable":true,"href":"https:\/\/clubelpasillo.com\/index.php?rest_route=\/wp\/v2\/users\/4"}],"replies":[{"embeddable":true,"href":"https:\/\/clubelpasillo.com\/index.php?rest_route=%2Fwp%2Fv2%2Fcomments&post=731"}],"version-history":[{"count":3,"href":"https:\/\/clubelpasillo.com\/index.php?rest_route=\/wp\/v2\/posts\/731\/revisions"}],"predecessor-version":[{"id":736,"href":"https:\/\/clubelpasillo.com\/index.php?rest_route=\/wp\/v2\/posts\/731\/revisions\/736"}],"wp:attachment":[{"href":"https:\/\/clubelpasillo.com\/index.php?rest_route=%2Fwp%2Fv2%2Fmedia&parent=731"}],"wp:term":[{"taxonomy":"category","embeddable":true,"href":"https:\/\/clubelpasillo.com\/index.php?rest_route=%2Fwp%2Fv2%2Fcategories&post=731"},{"taxonomy":"post_tag","embeddable":true,"href":"https:\/\/clubelpasillo.com\/index.php?rest_route=%2Fwp%2Fv2%2Ftags&post=731"}],"curies":[{"name":"wp","href":"https:\/\/api.w.org\/{rel}","templated":true}]}}