{"id":694,"date":"2014-12-09T14:03:39","date_gmt":"2014-12-09T14:03:39","guid":{"rendered":"http:\/\/clubelpasillo.com\/?p=694"},"modified":"2014-12-09T14:03:39","modified_gmt":"2014-12-09T14:03:39","slug":"cena-de-fin-de-ano-2014","status":"publish","type":"post","link":"https:\/\/clubelpasillo.com\/?p=694","title":{"rendered":"Cena de fin de a\u00f1o 2014"},"content":{"rendered":"<p style=\"text-align: center;\"><a href=\"http:\/\/clubelpasillo.com\/wp-content\/uploads\/2014\/12\/IMG_0855-1.gif\"><img loading=\"lazy\" decoding=\"async\" class=\"alignnone size-medium wp-image-696\" alt=\"IMG_0855 (1)\" src=\"http:\/\/clubelpasillo.com\/wp-content\/uploads\/2014\/12\/IMG_0855-1-300x225.gif\" width=\"300\" height=\"225\" srcset=\"https:\/\/clubelpasillo.com\/wp-content\/uploads\/2014\/12\/IMG_0855-1-300x225.gif 300w, https:\/\/clubelpasillo.com\/wp-content\/uploads\/2014\/12\/IMG_0855-1-1024x768.gif 1024w, https:\/\/clubelpasillo.com\/wp-content\/uploads\/2014\/12\/IMG_0855-1-73x55.gif 73w, https:\/\/clubelpasillo.com\/wp-content\/uploads\/2014\/12\/IMG_0855-1-310x232.gif 310w, https:\/\/clubelpasillo.com\/wp-content\/uploads\/2014\/12\/IMG_0855-1-75x55.gif 75w, https:\/\/clubelpasillo.com\/wp-content\/uploads\/2014\/12\/IMG_0855-1-65x50.gif 65w\" sizes=\"auto, (max-width: 300px) 100vw, 300px\" \/><\/a><\/p>\n<p>Finalmente llegamos a 20. Un buen n\u00famero para compartir un rato con unos pnchitos y unos vinos y cervezas.\u00a0 El lugar (La Ola de Ereaga), bastante acogedor , mucho espacio, y sobre todo , muy c\u00f3modo por disponer de ordenador (que nos prestaron con todo el detalle del mundo) y una gran pantalla para visualizar todo lo que expon\u00edamos.<\/p>\n<p>Fue una velada muy entretenida , donde pudimos conversar animadamente sobre los \u00faltimos eventos , entre ellos El Tableru y nuestro Festival en Sope.\u00a0 En lo que respecta al Tableru, el Secretario Pedro Vilas, que es quien guarda la preciada \u201cjoya\u201d,\u00a0 la \u00a0present\u00f3 en p\u00fablico y como pod\u00e9is apreciar , fueron los m\u00e1s veteranos los primeros en honrar la reliquia. Imagino que nuestros amigos \u00a0asturianos y \u00a0c\u00e1ntabros, estar\u00e1n igualmente orgullosos de la misma.<\/p>\n<p>Por cierto, tambi\u00e9n pudimos disfrutar de un nuevo montaje de fotos de I\u00f1aki Arsuaga\u00a0 que hab\u00eda sacado el d\u00eda del Festival del Pasillo.<\/p>\n<p>El DVD por si alguien de los que no estuvo lo quiere comprar , cuesta 5 \u20ac y tendr\u00e1 que ponerse en contacto con Rafa Vilas (pienso que han sobrado algunas copias); <a href=\"mailto:rafaelvilallongasolaun@yahoo.es\">rafaelvilallongasolaun@yahoo.es<\/a><\/p>\n<p>Adem\u00e1s, Jon Barbed nos adelant\u00f3 a grandes rasgos el proyecto \u201c El Faro del Cant\u00e1brico\u201d, un proyecto\u00a0 sin \u00e1nimo de lucro que est\u00e1 ayudando a mucha gente con muy bajos y realmente escasos \u00a0recursos, a sacar a delante peque\u00f1os sue\u00f1os que para ellos significa muchas veces el salir de un estado de miseria casi \u00a0total o de poder entrar a vivir bajo unas condiciones m\u00ednimamente humanas y dignas. Y esto por 25 USD que se prestan a la organizaci\u00f3n.<\/p>\n<p>Por \u00faltimo, aunque m\u00e1s bien lo primero porque partimos por ah\u00ed, presentamos\u00a0 esta WEB que es una p\u00e1gina dise\u00f1ada para que todos puedan participar y sea un medio de comunicaci\u00f3n y de transmisi\u00f3n de ideas y experiencias \u00a0entre todos.<\/p>\n<p>Nos vemos en la pr\u00f3xima o en el agua.<\/p>\n<p>El Presi<\/p>\n<p style=\"text-align: center;\"><a href=\"http:\/\/clubelpasillo.com\/wp-content\/uploads\/2014\/12\/IMG_0859.jpeg\"><img loading=\"lazy\" decoding=\"async\" class=\"alignnone size-medium wp-image-701\" alt=\"IMG_0859\" src=\"http:\/\/clubelpasillo.com\/wp-content\/uploads\/2014\/12\/IMG_0859-300x225.jpeg\" width=\"300\" height=\"225\" srcset=\"https:\/\/clubelpasillo.com\/wp-content\/uploads\/2014\/12\/IMG_0859-300x225.jpeg 300w, https:\/\/clubelpasillo.com\/wp-content\/uploads\/2014\/12\/IMG_0859-1024x768.jpeg 1024w, https:\/\/clubelpasillo.com\/wp-content\/uploads\/2014\/12\/IMG_0859-73x55.jpeg 73w, https:\/\/clubelpasillo.com\/wp-content\/uploads\/2014\/12\/IMG_0859-310x232.jpeg 310w, https:\/\/clubelpasillo.com\/wp-content\/uploads\/2014\/12\/IMG_0859-75x55.jpeg 75w, https:\/\/clubelpasillo.com\/wp-content\/uploads\/2014\/12\/IMG_0859-65x50.jpeg 65w\" sizes=\"auto, (max-width: 300px) 100vw, 300px\" \/><\/a><\/p>\n","protected":false},"excerpt":{"rendered":"<p>Finalmente llegamos a 20. Un buen n\u00famero para compartir un rato con unos pnchitos y unos vinos y cervezas.\u00a0 El lugar (La Ola de Ereaga), bastante acogedor , mucho espacio, y sobre todo , muy&#8230;<\/p>\n","protected":false},"author":4,"featured_media":0,"comment_status":"open","ping_status":"open","sticky":false,"template":"","format":"standard","meta":{"footnotes":""},"categories":[5],"tags":[],"class_list":["post-694","post","type-post","status-publish","format-standard","hentry","category-noticias"],"_links":{"self":[{"href":"https:\/\/clubelpasillo.com\/index.php?rest_route=\/wp\/v2\/posts\/694","targetHints":{"allow":["GET"]}}],"collection":[{"href":"https:\/\/clubelpasillo.com\/index.php?rest_route=\/wp\/v2\/posts"}],"about":[{"href":"https:\/\/clubelpasillo.com\/index.php?rest_route=\/wp\/v2\/types\/post"}],"author":[{"embeddable":true,"href":"https:\/\/clubelpasillo.com\/index.php?rest_route=\/wp\/v2\/users\/4"}],"replies":[{"embeddable":true,"href":"https:\/\/clubelpasillo.com\/index.php?rest_route=%2Fwp%2Fv2%2Fcomments&post=694"}],"version-history":[{"count":2,"href":"https:\/\/clubelpasillo.com\/index.php?rest_route=\/wp\/v2\/posts\/694\/revisions"}],"predecessor-version":[{"id":704,"href":"https:\/\/clubelpasillo.com\/index.php?rest_route=\/wp\/v2\/posts\/694\/revisions\/704"}],"wp:attachment":[{"href":"https:\/\/clubelpasillo.com\/index.php?rest_route=%2Fwp%2Fv2%2Fmedia&parent=694"}],"wp:term":[{"taxonomy":"category","embeddable":true,"href":"https:\/\/clubelpasillo.com\/index.php?rest_route=%2Fwp%2Fv2%2Fcategories&post=694"},{"taxonomy":"post_tag","embeddable":true,"href":"https:\/\/clubelpasillo.com\/index.php?rest_route=%2Fwp%2Fv2%2Ftags&post=694"}],"curies":[{"name":"wp","href":"https:\/\/api.w.org\/{rel}","templated":true}]}}