{"id":602,"date":"2014-10-27T22:23:59","date_gmt":"2014-10-27T22:23:59","guid":{"rendered":"http:\/\/clubelpasillo.com\/?p=602"},"modified":"2014-11-03T19:21:53","modified_gmt":"2014-11-03T19:21:53","slug":"despedida-de-julito-viernes-31-octubre-en-barrica","status":"publish","type":"post","link":"https:\/\/clubelpasillo.com\/?p=602","title":{"rendered":"Despedida de Julito, Video completo"},"content":{"rendered":"<p><a href=\"http:\/\/clubelpasillo.com\/wp-content\/uploads\/2014\/10\/2014-10-31-3625.jpg\"><img loading=\"lazy\" decoding=\"async\" class=\"alignnone size-medium wp-image-613\" alt=\"2014-10-31-3625\" src=\"http:\/\/clubelpasillo.com\/wp-content\/uploads\/2014\/10\/2014-10-31-3625-300x168.jpg\" width=\"300\" height=\"168\" srcset=\"https:\/\/clubelpasillo.com\/wp-content\/uploads\/2014\/10\/2014-10-31-3625-300x168.jpg 300w, https:\/\/clubelpasillo.com\/wp-content\/uploads\/2014\/10\/2014-10-31-3625-1024x574.jpg 1024w, https:\/\/clubelpasillo.com\/wp-content\/uploads\/2014\/10\/2014-10-31-3625-97x55.jpg 97w, https:\/\/clubelpasillo.com\/wp-content\/uploads\/2014\/10\/2014-10-31-3625-310x173.jpg 310w\" sizes=\"auto, (max-width: 300px) 100vw, 300px\" \/><\/a><\/p>\n<p>Hoy ha sido el funeral de Julito. Una despedida \u00a0como suele decirse, temporal.<\/p>\n<p>Por \u00a0deseo propio y como bien ha transmitido Berni, uno de sus mejores amigos, quer\u00eda que sus cenizas se esparcieran en el mar, en \u00absu\u00bb playa de Barrica.<\/p>\n<p>Este pr\u00f3ximo Viernes d\u00eda 31 nos ha convocado Julito a las 16.00 h en el parking de Barrica para entrar al agua (llevad traje por si refresca el agua) y acompa\u00f1arle una \u00faltima vez en el ba\u00f1o.\u00a0El mar nos va a dar un peque\u00f1o respiro, esperamos que sea un \u00faltimo ba\u00f1o tranquilo.<\/p>\n<p>El Responsable y portavoz de este acontecimiento ser\u00e1 \u00a0Ignacio \u00a0Navarro. Con este ritual, cumpliremos el \u00faltimo deseo de Julito.<\/p>\n<p>Que en paz descanse.<\/p>\n<div id=\"yiv1244057492yui_3_16_0_6_1414444964443_10\">El Presi<\/div>\n<div><\/div>\n<div>Aqu\u00ed pod\u00e9is ver un video de la emotiva \u00a0\u00abentrega\u00bb\u00a0 de las cenizas de Julito a \u00absu\u00bb playa de Barrica (agradecimiento\u00a0 a Asier Fern\u00e1ndez)<\/div>\n<div><\/div>\n<div><a href=\"http:\/\/www.youtube.com\/watch?v=VL0n7x_oRBs&amp;feature=youtu.be\">http:\/\/www.youtube.com\/watch?v=VL0n7x_oRBs&amp;feature=youtu.be<\/a><\/div>\n","protected":false},"excerpt":{"rendered":"<p>Hoy ha sido el funeral de Julito. Una despedida \u00a0como suele decirse, temporal. Por \u00a0deseo propio y como bien ha transmitido Berni, uno de sus mejores amigos, quer\u00eda que sus cenizas se esparcieran en el&#8230;<\/p>\n","protected":false},"author":4,"featured_media":0,"comment_status":"open","ping_status":"open","sticky":false,"template":"","format":"standard","meta":{"footnotes":""},"categories":[5],"tags":[],"class_list":["post-602","post","type-post","status-publish","format-standard","hentry","category-noticias"],"_links":{"self":[{"href":"https:\/\/clubelpasillo.com\/index.php?rest_route=\/wp\/v2\/posts\/602","targetHints":{"allow":["GET"]}}],"collection":[{"href":"https:\/\/clubelpasillo.com\/index.php?rest_route=\/wp\/v2\/posts"}],"about":[{"href":"https:\/\/clubelpasillo.com\/index.php?rest_route=\/wp\/v2\/types\/post"}],"author":[{"embeddable":true,"href":"https:\/\/clubelpasillo.com\/index.php?rest_route=\/wp\/v2\/users\/4"}],"replies":[{"embeddable":true,"href":"https:\/\/clubelpasillo.com\/index.php?rest_route=%2Fwp%2Fv2%2Fcomments&post=602"}],"version-history":[{"count":8,"href":"https:\/\/clubelpasillo.com\/index.php?rest_route=\/wp\/v2\/posts\/602\/revisions"}],"predecessor-version":[{"id":616,"href":"https:\/\/clubelpasillo.com\/index.php?rest_route=\/wp\/v2\/posts\/602\/revisions\/616"}],"wp:attachment":[{"href":"https:\/\/clubelpasillo.com\/index.php?rest_route=%2Fwp%2Fv2%2Fmedia&parent=602"}],"wp:term":[{"taxonomy":"category","embeddable":true,"href":"https:\/\/clubelpasillo.com\/index.php?rest_route=%2Fwp%2Fv2%2Fcategories&post=602"},{"taxonomy":"post_tag","embeddable":true,"href":"https:\/\/clubelpasillo.com\/index.php?rest_route=%2Fwp%2Fv2%2Ftags&post=602"}],"curies":[{"name":"wp","href":"https:\/\/api.w.org\/{rel}","templated":true}]}}