{"id":5968,"date":"2021-09-20T15:10:36","date_gmt":"2021-09-20T14:10:36","guid":{"rendered":"https:\/\/clubelpasillo.com\/?p=5968"},"modified":"2022-10-07T17:42:02","modified_gmt":"2022-10-07T16:42:02","slug":"15o-festival-el-pasillo-2021","status":"publish","type":"post","link":"https:\/\/clubelpasillo.com\/?p=5968","title":{"rendered":"16\u00ba Festival El Pasillo 2021"},"content":{"rendered":"\n<p>El a\u00f1o pasado fueron las malas condiciones meteorol\u00f3gicas, y no la pandemia mundial, las que nos obligaron a cancelar la 16\u00aa edici\u00f3n del mejor festival de surf del mundo!<\/p>\n\n\n\n<p>Lo que inicialmente se plante\u00f3 para el sabado 26 de septiembre tuvimos que retrasarlo al 3 de octubre para terminar cancel\u00e1ndolo ya que el tiempo no nos di\u00f3 ninguna tregua.<\/p>\n\n\n\n<p>Este a\u00f1o volvemos con todas las ilusiones y esperanzas a plantearlo y la fecha elegida es el s\u00e1bado 2 de octubre.<\/p>\n\n\n<div class=\"wp-block-image\">\n<figure class=\"alignleft size-full is-resized\"><a href=\"https:\/\/clubelpasillo.com\/wp-content\/uploads\/2021\/09\/Festi.jpg\"><img loading=\"lazy\" decoding=\"async\" src=\"https:\/\/clubelpasillo.com\/wp-content\/uploads\/2021\/09\/Festi.jpg\" alt=\"\" class=\"wp-image-5969\" width=\"245\" height=\"258\" srcset=\"https:\/\/clubelpasillo.com\/wp-content\/uploads\/2021\/09\/Festi.jpg 496w, https:\/\/clubelpasillo.com\/wp-content\/uploads\/2021\/09\/Festi-285x300.jpg 285w\" sizes=\"auto, (max-width: 245px) 100vw, 245px\" \/><\/a><\/figure>\n<\/div>\n\n\n<p>Todav\u00eda es muy pronto para poder tener previsiones reales pero el parte indica que unos d\u00edas antes entrar\u00e1 un potente mar.<\/p>\n\n\n\n<p>La marea baja ser\u00eda a las 8:15 con un coeficiente medio.<\/p>\n\n\n\n<p>En caso de no poder celebrarse el festival el d\u00eda 2 saltaremos como segunda fecha de reserva al d\u00eda 9 de octubre.<\/p>\n\n\n\n<p>Crucemos los dedos y confiemos en que este a\u00f1o podremos, por fin, juntarnos y disfrutar de este evento tan importante y representativo de nuestro club.<\/p>\n\n\n\n<p>Saludos<\/p>\n\n\n\n<p><\/p>\n\n\n\n<p><\/p>\n\n\n\n<p>Cartel edici\u00f3n 2021 By MAG\u00d8\u00d8 2021 &#8211; Foto: Ignatius<\/p>\n\n\n\n<figure class=\"wp-block-image size-large\"><a href=\"https:\/\/clubelpasillo.com\/wp-content\/uploads\/2021\/09\/Cartel-2021-b_page-0001-2.jpg\"><img loading=\"lazy\" decoding=\"async\" width=\"725\" height=\"1024\" src=\"https:\/\/clubelpasillo.com\/wp-content\/uploads\/2021\/09\/Cartel-2021-b_page-0001-2-725x1024.jpg\" alt=\"\" class=\"wp-image-5987\" srcset=\"https:\/\/clubelpasillo.com\/wp-content\/uploads\/2021\/09\/Cartel-2021-b_page-0001-2-725x1024.jpg 725w, https:\/\/clubelpasillo.com\/wp-content\/uploads\/2021\/09\/Cartel-2021-b_page-0001-2-212x300.jpg 212w, https:\/\/clubelpasillo.com\/wp-content\/uploads\/2021\/09\/Cartel-2021-b_page-0001-2-768x1085.jpg 768w, https:\/\/clubelpasillo.com\/wp-content\/uploads\/2021\/09\/Cartel-2021-b_page-0001-2-1087x1536.jpg 1087w, https:\/\/clubelpasillo.com\/wp-content\/uploads\/2021\/09\/Cartel-2021-b_page-0001-2.jpg 1241w\" sizes=\"auto, (max-width: 725px) 100vw, 725px\" \/><\/a><\/figure>\n\n\n\n<p><\/p>\n","protected":false},"excerpt":{"rendered":"<p>El a\u00f1o pasado fueron las malas condiciones meteorol\u00f3gicas, y no la pandemia mundial, las que nos obligaron a cancelar la 16\u00aa edici\u00f3n del mejor festival de surf del mundo! Lo que inicialmente se plante\u00f3 para&#8230;<\/p>\n","protected":false},"author":11,"featured_media":5989,"comment_status":"open","ping_status":"open","sticky":false,"template":"","format":"standard","meta":{"footnotes":""},"categories":[5],"tags":[],"class_list":["post-5968","post","type-post","status-publish","format-standard","has-post-thumbnail","hentry","category-noticias"],"_links":{"self":[{"href":"https:\/\/clubelpasillo.com\/index.php?rest_route=\/wp\/v2\/posts\/5968","targetHints":{"allow":["GET"]}}],"collection":[{"href":"https:\/\/clubelpasillo.com\/index.php?rest_route=\/wp\/v2\/posts"}],"about":[{"href":"https:\/\/clubelpasillo.com\/index.php?rest_route=\/wp\/v2\/types\/post"}],"author":[{"embeddable":true,"href":"https:\/\/clubelpasillo.com\/index.php?rest_route=\/wp\/v2\/users\/11"}],"replies":[{"embeddable":true,"href":"https:\/\/clubelpasillo.com\/index.php?rest_route=%2Fwp%2Fv2%2Fcomments&post=5968"}],"version-history":[{"count":8,"href":"https:\/\/clubelpasillo.com\/index.php?rest_route=\/wp\/v2\/posts\/5968\/revisions"}],"predecessor-version":[{"id":6055,"href":"https:\/\/clubelpasillo.com\/index.php?rest_route=\/wp\/v2\/posts\/5968\/revisions\/6055"}],"wp:featuredmedia":[{"embeddable":true,"href":"https:\/\/clubelpasillo.com\/index.php?rest_route=\/wp\/v2\/media\/5989"}],"wp:attachment":[{"href":"https:\/\/clubelpasillo.com\/index.php?rest_route=%2Fwp%2Fv2%2Fmedia&parent=5968"}],"wp:term":[{"taxonomy":"category","embeddable":true,"href":"https:\/\/clubelpasillo.com\/index.php?rest_route=%2Fwp%2Fv2%2Fcategories&post=5968"},{"taxonomy":"post_tag","embeddable":true,"href":"https:\/\/clubelpasillo.com\/index.php?rest_route=%2Fwp%2Fv2%2Ftags&post=5968"}],"curies":[{"name":"wp","href":"https:\/\/api.w.org\/{rel}","templated":true}]}}