{"id":5961,"date":"2021-07-08T08:38:13","date_gmt":"2021-07-08T07:38:13","guid":{"rendered":"https:\/\/clubelpasillo.com\/?p=5961"},"modified":"2021-07-08T08:38:14","modified_gmt":"2021-07-08T07:38:14","slug":"junta-el-pasillo","status":"publish","type":"post","link":"https:\/\/clubelpasillo.com\/?p=5961","title":{"rendered":"Junta El Pasillo"},"content":{"rendered":"\n<p>Ayer, mi\u00e9rcoles 7 de Julio, celebramos en la sede del Club, una Junta .<\/p>\n\n\n\n<p>Se trataron varios temas de los cuales se informar\u00e1 espec\u00edficamente en el acta de la junta que el Sr. Secretario est\u00e1 redactando en estos momentos.<\/p>\n\n\n\n<p>Podemos adelantar por esta v\u00eda que el 15\u00ba Festival de El Pasillo se celebrar\u00e1, COVID mediante, el s\u00e1bado 9 de Octubre con una marea baja a las 13:00h.<\/p>\n\n\n\n<figure class=\"wp-block-image size-large\"><a href=\"https:\/\/clubelpasillo.com\/wp-content\/uploads\/2021\/07\/Sin-titulo.png\"><img loading=\"lazy\" decoding=\"async\" width=\"845\" height=\"451\" src=\"https:\/\/clubelpasillo.com\/wp-content\/uploads\/2021\/07\/Sin-titulo.png\" alt=\"\" class=\"wp-image-5963\" srcset=\"https:\/\/clubelpasillo.com\/wp-content\/uploads\/2021\/07\/Sin-titulo.png 845w, https:\/\/clubelpasillo.com\/wp-content\/uploads\/2021\/07\/Sin-titulo-300x160.png 300w, https:\/\/clubelpasillo.com\/wp-content\/uploads\/2021\/07\/Sin-titulo-768x410.png 768w\" sizes=\"auto, (max-width: 845px) 100vw, 845px\" \/><\/a><\/figure>\n\n\n\n<p>Tambi\u00e9n os comunicamos que ya est\u00e1n aqu\u00ed las chaquetillas que encargamos! Ayer pudimos ver una! Tienen una pinta fant\u00e1stica y vamos a gozarlas! Rafa coordinar\u00e1 el pago\/entrega de las mismas.<\/p>\n\n\n\n<figure class=\"wp-block-image size-large\"><a href=\"https:\/\/clubelpasillo.com\/wp-content\/uploads\/2021\/07\/WhatsApp-Image-2021-07-07-at-22.16.36.jpeg\"><img loading=\"lazy\" decoding=\"async\" width=\"1024\" height=\"766\" src=\"https:\/\/clubelpasillo.com\/wp-content\/uploads\/2021\/07\/WhatsApp-Image-2021-07-07-at-22.16.36-1024x766.jpeg\" alt=\"\" class=\"wp-image-5964\" srcset=\"https:\/\/clubelpasillo.com\/wp-content\/uploads\/2021\/07\/WhatsApp-Image-2021-07-07-at-22.16.36-1024x766.jpeg 1024w, https:\/\/clubelpasillo.com\/wp-content\/uploads\/2021\/07\/WhatsApp-Image-2021-07-07-at-22.16.36-300x224.jpeg 300w, https:\/\/clubelpasillo.com\/wp-content\/uploads\/2021\/07\/WhatsApp-Image-2021-07-07-at-22.16.36-768x575.jpeg 768w, https:\/\/clubelpasillo.com\/wp-content\/uploads\/2021\/07\/WhatsApp-Image-2021-07-07-at-22.16.36-1536x1149.jpeg 1536w, https:\/\/clubelpasillo.com\/wp-content\/uploads\/2021\/07\/WhatsApp-Image-2021-07-07-at-22.16.36.jpeg 2048w\" sizes=\"auto, (max-width: 1024px) 100vw, 1024px\" \/><\/a><\/figure>\n\n\n\n<p>Finalmente se trataron temas relacionados con otras actividades del club (D\u00eda del Veterano, Salida de Cl\u00e1sicos, Sesi\u00f3n de fotos y videos antiguas, &#8230;). Muy emocionados de empezar a ver que podemos volver a encender los motores y planificar actividades para el club.<\/p>\n\n\n\n<p>M\u00e1s noticias pr\u00f3ximamente! Cuidaros mucho!<\/p>\n","protected":false},"excerpt":{"rendered":"<p>Ayer, mi\u00e9rcoles 7 de Julio, celebramos en la sede del Club, una Junta . Se trataron varios temas de los cuales se informar\u00e1 espec\u00edficamente en el acta de la junta que el Sr. Secretario est\u00e1&#8230;<\/p>\n","protected":false},"author":11,"featured_media":5962,"comment_status":"open","ping_status":"open","sticky":false,"template":"","format":"standard","meta":{"footnotes":""},"categories":[5],"tags":[],"class_list":["post-5961","post","type-post","status-publish","format-standard","has-post-thumbnail","hentry","category-noticias"],"_links":{"self":[{"href":"https:\/\/clubelpasillo.com\/index.php?rest_route=\/wp\/v2\/posts\/5961","targetHints":{"allow":["GET"]}}],"collection":[{"href":"https:\/\/clubelpasillo.com\/index.php?rest_route=\/wp\/v2\/posts"}],"about":[{"href":"https:\/\/clubelpasillo.com\/index.php?rest_route=\/wp\/v2\/types\/post"}],"author":[{"embeddable":true,"href":"https:\/\/clubelpasillo.com\/index.php?rest_route=\/wp\/v2\/users\/11"}],"replies":[{"embeddable":true,"href":"https:\/\/clubelpasillo.com\/index.php?rest_route=%2Fwp%2Fv2%2Fcomments&post=5961"}],"version-history":[{"count":2,"href":"https:\/\/clubelpasillo.com\/index.php?rest_route=\/wp\/v2\/posts\/5961\/revisions"}],"predecessor-version":[{"id":5966,"href":"https:\/\/clubelpasillo.com\/index.php?rest_route=\/wp\/v2\/posts\/5961\/revisions\/5966"}],"wp:featuredmedia":[{"embeddable":true,"href":"https:\/\/clubelpasillo.com\/index.php?rest_route=\/wp\/v2\/media\/5962"}],"wp:attachment":[{"href":"https:\/\/clubelpasillo.com\/index.php?rest_route=%2Fwp%2Fv2%2Fmedia&parent=5961"}],"wp:term":[{"taxonomy":"category","embeddable":true,"href":"https:\/\/clubelpasillo.com\/index.php?rest_route=%2Fwp%2Fv2%2Fcategories&post=5961"},{"taxonomy":"post_tag","embeddable":true,"href":"https:\/\/clubelpasillo.com\/index.php?rest_route=%2Fwp%2Fv2%2Ftags&post=5961"}],"curies":[{"name":"wp","href":"https:\/\/api.w.org\/{rel}","templated":true}]}}