{"id":5950,"date":"2021-06-29T13:13:38","date_gmt":"2021-06-29T12:13:38","guid":{"rendered":"https:\/\/clubelpasillo.com\/?p=5950"},"modified":"2021-06-29T13:17:33","modified_gmt":"2021-06-29T12:17:33","slug":"homenaje-el-pasillo-a-jaime-lafita","status":"publish","type":"post","link":"https:\/\/clubelpasillo.com\/?p=5950","title":{"rendered":"Homenaje El Pasillo a Jaime Lafita"},"content":{"rendered":"\n<p>El pasado domingo 20 de Junio, v\u00edspera del D\u00eda Mundial de la ELA y fecha en la que Jaime Lafita y su pelot\u00f3n de amigos de DaleCandELA llegaban a Bruselas para completar el incre\u00edble reto que se hab\u00edan propuesto, desde el Club El Pasillo nos propusimos juntarnos para mandarle un mensaje de animo y apoyo.<\/p>\n\n\n\n<p>La idea era darnos un ba\u00f1o e intentar coger una ola todos juntos mientras Ignacio P\u00e9rez Dapena nos grababa desde la orilla (hab\u00e9is o\u00eddo bien, Ignacio estaba en la orilla y nosotros en el agua, &#8230; raro, raro, raro, &#8230;).<\/p>\n\n\n\n<p>Las condiciones no eran \u00f3ptimas, marea muy alta, orillera cerrona y poco recorrido. Algunos pros del club pod\u00edan cubrir el expediente. Otros, humildemente nos ten\u00edamos que conformar con coger la ola, ponernos de pie, hacer un recto y poco m\u00e1s!<\/p>\n\n\n\n<p>Pero como el objetivo era pasarlo bien, el ambiente bueno y la compa\u00f1\u00eda inmejorable pues disfrutamos de una agradable sesi\u00f3n en el agua. El record de surfistas por ola fue de 4 pero tirando de tecnologia pudimos compartir todos la ola de la portada, \ud83d\ude09<\/p>\n\n\n\n<figure class=\"wp-block-image size-large\"><a href=\"https:\/\/clubelpasillo.com\/wp-content\/uploads\/2021\/06\/Captura-de-pantalla-2021-06-29-a-las-13.59.03.png\"><img loading=\"lazy\" decoding=\"async\" width=\"1024\" height=\"412\" src=\"https:\/\/clubelpasillo.com\/wp-content\/uploads\/2021\/06\/Captura-de-pantalla-2021-06-29-a-las-13.59.03-1024x412.png\" alt=\"\" class=\"wp-image-5951\" srcset=\"https:\/\/clubelpasillo.com\/wp-content\/uploads\/2021\/06\/Captura-de-pantalla-2021-06-29-a-las-13.59.03-1024x412.png 1024w, https:\/\/clubelpasillo.com\/wp-content\/uploads\/2021\/06\/Captura-de-pantalla-2021-06-29-a-las-13.59.03-300x121.png 300w, https:\/\/clubelpasillo.com\/wp-content\/uploads\/2021\/06\/Captura-de-pantalla-2021-06-29-a-las-13.59.03-768x309.png 768w, https:\/\/clubelpasillo.com\/wp-content\/uploads\/2021\/06\/Captura-de-pantalla-2021-06-29-a-las-13.59.03-1536x618.png 1536w, https:\/\/clubelpasillo.com\/wp-content\/uploads\/2021\/06\/Captura-de-pantalla-2021-06-29-a-las-13.59.03.png 1756w\" sizes=\"auto, (max-width: 1024px) 100vw, 1024px\" \/><\/a><\/figure>\n\n\n\n<p>En definitiva, que una vez m\u00e1s lo pasamos de maravilla y, como siempre fue un lujo poder apoyar a DaleCandELA y a nuestro querido Jaime!<\/p>\n\n\n\n<p>Que disfruteis del video!<\/p>\n\n\n\n<figure class=\"wp-block-embed is-type-video is-provider-youtube wp-block-embed-youtube wp-embed-aspect-16-9 wp-has-aspect-ratio\"><div class=\"wp-block-embed__wrapper\">\n<iframe loading=\"lazy\" title=\"Homenaje El Pasillo a Jaime Lafita en su Reto BrusELAs\" width=\"500\" height=\"281\" src=\"https:\/\/www.youtube.com\/embed\/5oxVI12deNs?feature=oembed\" frameborder=\"0\" allow=\"accelerometer; autoplay; clipboard-write; encrypted-media; gyroscope; picture-in-picture; web-share\" referrerpolicy=\"strict-origin-when-cross-origin\" allowfullscreen><\/iframe>\n<\/div><\/figure>\n\n\n\n<p>Galeria fotogr\u00e1fica:<\/p>\n\n\n<div class='photonic-google-stream photonic-stream ' id='photonic-google-stream-1'>\n\r\n<div class='photonic-error photonic-google-error' id='photonic-google-error-1'>\r\n\t<span class='photonic-error-icon photonic-icon'>&nbsp;<\/span>\r\n\t<div class='photonic-message'>\r\n\t\tNo se pudo obtener datos. Error:<br \/><code>\nRequest had insufficient authentication scopes.<\/code><br \/>\n\r\n\t<\/div>\r\n<\/div>\n\n<\/div><!-- .photonic-stream or .photonic-panel -->\n","protected":false},"excerpt":{"rendered":"<p>El pasado domingo 20 de Junio, v\u00edspera del D\u00eda Mundial de la ELA y fecha en la que Jaime Lafita y su pelot\u00f3n de amigos de DaleCandELA llegaban a Bruselas para completar el incre\u00edble reto&#8230;<\/p>\n","protected":false},"author":11,"featured_media":5956,"comment_status":"open","ping_status":"open","sticky":false,"template":"","format":"standard","meta":{"footnotes":""},"categories":[5],"tags":[],"class_list":["post-5950","post","type-post","status-publish","format-standard","has-post-thumbnail","hentry","category-noticias"],"_links":{"self":[{"href":"https:\/\/clubelpasillo.com\/index.php?rest_route=\/wp\/v2\/posts\/5950","targetHints":{"allow":["GET"]}}],"collection":[{"href":"https:\/\/clubelpasillo.com\/index.php?rest_route=\/wp\/v2\/posts"}],"about":[{"href":"https:\/\/clubelpasillo.com\/index.php?rest_route=\/wp\/v2\/types\/post"}],"author":[{"embeddable":true,"href":"https:\/\/clubelpasillo.com\/index.php?rest_route=\/wp\/v2\/users\/11"}],"replies":[{"embeddable":true,"href":"https:\/\/clubelpasillo.com\/index.php?rest_route=%2Fwp%2Fv2%2Fcomments&post=5950"}],"version-history":[{"count":4,"href":"https:\/\/clubelpasillo.com\/index.php?rest_route=\/wp\/v2\/posts\/5950\/revisions"}],"predecessor-version":[{"id":5958,"href":"https:\/\/clubelpasillo.com\/index.php?rest_route=\/wp\/v2\/posts\/5950\/revisions\/5958"}],"wp:featuredmedia":[{"embeddable":true,"href":"https:\/\/clubelpasillo.com\/index.php?rest_route=\/wp\/v2\/media\/5956"}],"wp:attachment":[{"href":"https:\/\/clubelpasillo.com\/index.php?rest_route=%2Fwp%2Fv2%2Fmedia&parent=5950"}],"wp:term":[{"taxonomy":"category","embeddable":true,"href":"https:\/\/clubelpasillo.com\/index.php?rest_route=%2Fwp%2Fv2%2Fcategories&post=5950"},{"taxonomy":"post_tag","embeddable":true,"href":"https:\/\/clubelpasillo.com\/index.php?rest_route=%2Fwp%2Fv2%2Ftags&post=5950"}],"curies":[{"name":"wp","href":"https:\/\/api.w.org\/{rel}","templated":true}]}}