{"id":5936,"date":"2021-06-12T09:01:49","date_gmt":"2021-06-12T08:01:49","guid":{"rendered":"https:\/\/clubelpasillo.com\/?p=5936"},"modified":"2021-06-12T09:06:01","modified_gmt":"2021-06-12T08:06:01","slug":"lo-volvio-a-hacer","status":"publish","type":"post","link":"https:\/\/clubelpasillo.com\/?p=5936","title":{"rendered":"\u00a1\u00a1Lo volvi\u00f3 a hacer!!"},"content":{"rendered":"\n<p>Una vez m\u00e1s, nuestro querido Jaime Lafita ha vuelto a revolucionar nuestro entorno, logrando movilizar a un enorme n\u00famero de personas en torno a su \u00faltimo reto (el 4\u00ba grito): el <a href=\"https:\/\/www.facebook.com\/hashtag\/desaf%C3%ADobruselas?__eep__=6&amp;__cft__[0]=AZWmbZtolBTdT3Q0q4-MxVoGElerVDdxUjuskfsbmwfzOkEeVJ2gHIaHc9mLebHr2ucko5MxcdxbTw1TgnfSjcmLypNYhRy5NOxwh55X3kfHu7-SWXSvl3cJEQom2Z0oMIjga1VWOyNZ3jKFf1YouWw2&amp;__tn__=*NK-R\">#desaf\u00edoBrusELAs<\/a><\/p>\n\n\n\n<p>A las 15:00 h del viernes 11 de junio, un grupo de ciclistas, entre los que se encontraban varios miembros de nuestro Club, acompa\u00f1\u00f3 a Jaime Lafita desde Fadura hasta El Mar\u00edtimo.<\/p>\n\n\n\n<figure class=\"wp-block-image size-large\"><a href=\"https:\/\/clubelpasillo.com\/wp-content\/uploads\/2021\/06\/IMG-20210612-WA0024.jpg\"><img loading=\"lazy\" decoding=\"async\" width=\"1024\" height=\"684\" src=\"https:\/\/clubelpasillo.com\/wp-content\/uploads\/2021\/06\/IMG-20210612-WA0024-1024x684.jpg\" alt=\"\" class=\"wp-image-5937\" srcset=\"https:\/\/clubelpasillo.com\/wp-content\/uploads\/2021\/06\/IMG-20210612-WA0024-1024x684.jpg 1024w, https:\/\/clubelpasillo.com\/wp-content\/uploads\/2021\/06\/IMG-20210612-WA0024-300x200.jpg 300w, https:\/\/clubelpasillo.com\/wp-content\/uploads\/2021\/06\/IMG-20210612-WA0024-768x513.jpg 768w, https:\/\/clubelpasillo.com\/wp-content\/uploads\/2021\/06\/IMG-20210612-WA0024.jpg 1080w\" sizes=\"auto, (max-width: 1024px) 100vw, 1024px\" \/><\/a><\/figure>\n\n\n\n<p>Despu\u00e9s, Jaime se emarc\u00f3 rumbo a La Rochelle convirtiendo al Puente Colgante en el punto de salida de la aventura.<\/p>\n\n\n\n<figure class=\"wp-block-image size-large\"><a href=\"https:\/\/clubelpasillo.com\/wp-content\/uploads\/2021\/06\/IMG-20210612-WA0023.jpg\"><img loading=\"lazy\" decoding=\"async\" width=\"1024\" height=\"576\" src=\"https:\/\/clubelpasillo.com\/wp-content\/uploads\/2021\/06\/IMG-20210612-WA0023-1024x576.jpg\" alt=\"\" class=\"wp-image-5938\" srcset=\"https:\/\/clubelpasillo.com\/wp-content\/uploads\/2021\/06\/IMG-20210612-WA0023-1024x576.jpg 1024w, https:\/\/clubelpasillo.com\/wp-content\/uploads\/2021\/06\/IMG-20210612-WA0023-300x169.jpg 300w, https:\/\/clubelpasillo.com\/wp-content\/uploads\/2021\/06\/IMG-20210612-WA0023-768x432.jpg 768w, https:\/\/clubelpasillo.com\/wp-content\/uploads\/2021\/06\/IMG-20210612-WA0023-777x437.jpg 777w, https:\/\/clubelpasillo.com\/wp-content\/uploads\/2021\/06\/IMG-20210612-WA0023-260x146.jpg 260w, https:\/\/clubelpasillo.com\/wp-content\/uploads\/2021\/06\/IMG-20210612-WA0023-120x67.jpg 120w, https:\/\/clubelpasillo.com\/wp-content\/uploads\/2021\/06\/IMG-20210612-WA0023.jpg 1080w\" sizes=\"auto, (max-width: 1024px) 100vw, 1024px\" \/><\/a><\/figure>\n\n\n\n<p><\/p>\n\n\n\n<p>En paralelo a todo esto, alguno otros miembros del pasillo, siguiendo una genial idea de Santi Real de Asua nos dirigimos al faro del muelle de Ereaga para, desde all\u00ed y sobre nuestras tablas, despedir a Jaime en nombre de nuestro club.<\/p>\n\n\n\n<p>Tras lanzarnos al agua (y contribuir a que un pescador que estaba all\u00ed apostado sacara un par de chipirones de buen tama\u00f1o), nos colocamos en fila sin alejarnos demasiado de la protecci\u00f3n del muelle porque se apreciaba una potente corriente que pod\u00eda llevarnos m\u00e1s lejos de lo que nos gustar\u00eda.<\/p>\n\n\n\n<p>Ve\u00edamos los barcos acercarse con el precioso barco de casco gris de Jaime a la cabeza. En su recorrido, el barco de Jaime empez\u00f3 a alejarse de nosotros y pegarse cada vez m\u00e1s al muelle de Santurce, lo que en alg\u00fan momento nos hizo pensar que pod\u00eda pasar tan lejos que no nos ver\u00eda. Bueno, lo importante, sin duda, era estar all\u00ed y desearle suerte y animo en esta aventura.<\/p>\n\n\n\n<figure class=\"wp-block-image size-large\"><a href=\"https:\/\/clubelpasillo.com\/wp-content\/uploads\/2021\/06\/5cf5203a-6501-4d3c-b39c-4ef2b63d26b4.jpeg\"><img loading=\"lazy\" decoding=\"async\" width=\"768\" height=\"1024\" src=\"https:\/\/clubelpasillo.com\/wp-content\/uploads\/2021\/06\/5cf5203a-6501-4d3c-b39c-4ef2b63d26b4-768x1024.jpeg\" alt=\"\" class=\"wp-image-5940\" srcset=\"https:\/\/clubelpasillo.com\/wp-content\/uploads\/2021\/06\/5cf5203a-6501-4d3c-b39c-4ef2b63d26b4-768x1024.jpeg 768w, https:\/\/clubelpasillo.com\/wp-content\/uploads\/2021\/06\/5cf5203a-6501-4d3c-b39c-4ef2b63d26b4-225x300.jpeg 225w, https:\/\/clubelpasillo.com\/wp-content\/uploads\/2021\/06\/5cf5203a-6501-4d3c-b39c-4ef2b63d26b4-1152x1536.jpeg 1152w, https:\/\/clubelpasillo.com\/wp-content\/uploads\/2021\/06\/5cf5203a-6501-4d3c-b39c-4ef2b63d26b4.jpeg 1536w\" sizes=\"auto, (max-width: 768px) 100vw, 768px\" \/><\/a><\/figure>\n\n\n\n<p>Pero &#8230; queremos pensar que Jaime nos vi\u00f3 y decidi\u00f3 virar el tim\u00f3n \u00abtodo a estribor\u00bb y poner rumbo directo hacia donde nos encontrab\u00e1mos! Tan es as\u00ed que termin\u00f3 pasando entre el estrecho espacio que hab\u00eda entre nosotros y el muelle! Una preciosa maniobra a vela que nos permiti\u00f3 estar por unos segundos a muy poca distancia de Jaime y sus compa\u00f1eros de aventura. Tan poca distancia que, perfectamente pod\u00edamos ver la caracter\u00edstica sonrisa de Jaime en su cara!!<\/p>\n\n\n\n<figure class=\"wp-block-image size-large\"><a href=\"https:\/\/clubelpasillo.com\/wp-content\/uploads\/2021\/06\/Captura-de-pantalla-2021-06-12-a-las-9.33.45.png\"><img loading=\"lazy\" decoding=\"async\" width=\"735\" height=\"489\" src=\"https:\/\/clubelpasillo.com\/wp-content\/uploads\/2021\/06\/Captura-de-pantalla-2021-06-12-a-las-9.33.45.png\" alt=\"\" class=\"wp-image-5939\" srcset=\"https:\/\/clubelpasillo.com\/wp-content\/uploads\/2021\/06\/Captura-de-pantalla-2021-06-12-a-las-9.33.45.png 735w, https:\/\/clubelpasillo.com\/wp-content\/uploads\/2021\/06\/Captura-de-pantalla-2021-06-12-a-las-9.33.45-300x200.png 300w\" sizes=\"auto, (max-width: 735px) 100vw, 735px\" \/><\/a><\/figure>\n\n\n\n<p>Como siempre, como cada vez que Jaime y sus incre\u00edbles amigos de DaleCandELA organizan algo, una vez m\u00e1s, volvi\u00f3 a ser un \u00e9xito organizativo y con los sentimientos a flor de piel. <\/p>\n\n\n\n<p>Jaime lo volvi\u00f3 a hacer y desde El Club El Pasillo siempre le acompa\u00f1aremos!<\/p>\n\n\n\n<p>Buenos vientos, Jaime! <\/p>\n\n\n\n<figure class=\"wp-block-image size-large\"><a href=\"https:\/\/clubelpasillo.com\/wp-content\/uploads\/2021\/06\/IMG-20210612-WA0027.jpg\"><img loading=\"lazy\" decoding=\"async\" width=\"1024\" height=\"684\" src=\"https:\/\/clubelpasillo.com\/wp-content\/uploads\/2021\/06\/IMG-20210612-WA0027-1024x684.jpg\" alt=\"\" class=\"wp-image-5941\" srcset=\"https:\/\/clubelpasillo.com\/wp-content\/uploads\/2021\/06\/IMG-20210612-WA0027-1024x684.jpg 1024w, https:\/\/clubelpasillo.com\/wp-content\/uploads\/2021\/06\/IMG-20210612-WA0027-300x200.jpg 300w, https:\/\/clubelpasillo.com\/wp-content\/uploads\/2021\/06\/IMG-20210612-WA0027-768x513.jpg 768w, https:\/\/clubelpasillo.com\/wp-content\/uploads\/2021\/06\/IMG-20210612-WA0027.jpg 1080w\" sizes=\"auto, (max-width: 1024px) 100vw, 1024px\" \/><\/a><\/figure>\n\n\n\n<p><strong>Galer\u00eda fotogr\u00e1fica<\/strong><\/p>\n\n\n<div class='photonic-google-stream photonic-stream ' id='photonic-google-stream-1'>\n\r\n<div class='photonic-error photonic-google-error' id='photonic-google-error-1'>\r\n\t<span class='photonic-error-icon photonic-icon'>&nbsp;<\/span>\r\n\t<div class='photonic-message'>\r\n\t\tNo se pudo obtener datos. Error:<br \/><code>\nRequest had insufficient authentication scopes.<\/code><br \/>\n\r\n\t<\/div>\r\n<\/div>\n\n<\/div><!-- .photonic-stream or .photonic-panel -->\n","protected":false},"excerpt":{"rendered":"<p>Una vez m\u00e1s, nuestro querido Jaime Lafita ha vuelto a revolucionar nuestro entorno, logrando movilizar a un enorme n\u00famero de personas en torno a su \u00faltimo reto (el 4\u00ba grito): el #desaf\u00edoBrusELAs A las 15:00&#8230;<\/p>\n","protected":false},"author":11,"featured_media":5946,"comment_status":"open","ping_status":"open","sticky":false,"template":"","format":"standard","meta":{"footnotes":""},"categories":[5],"tags":[],"class_list":["post-5936","post","type-post","status-publish","format-standard","has-post-thumbnail","hentry","category-noticias"],"_links":{"self":[{"href":"https:\/\/clubelpasillo.com\/index.php?rest_route=\/wp\/v2\/posts\/5936","targetHints":{"allow":["GET"]}}],"collection":[{"href":"https:\/\/clubelpasillo.com\/index.php?rest_route=\/wp\/v2\/posts"}],"about":[{"href":"https:\/\/clubelpasillo.com\/index.php?rest_route=\/wp\/v2\/types\/post"}],"author":[{"embeddable":true,"href":"https:\/\/clubelpasillo.com\/index.php?rest_route=\/wp\/v2\/users\/11"}],"replies":[{"embeddable":true,"href":"https:\/\/clubelpasillo.com\/index.php?rest_route=%2Fwp%2Fv2%2Fcomments&post=5936"}],"version-history":[{"count":4,"href":"https:\/\/clubelpasillo.com\/index.php?rest_route=\/wp\/v2\/posts\/5936\/revisions"}],"predecessor-version":[{"id":5948,"href":"https:\/\/clubelpasillo.com\/index.php?rest_route=\/wp\/v2\/posts\/5936\/revisions\/5948"}],"wp:featuredmedia":[{"embeddable":true,"href":"https:\/\/clubelpasillo.com\/index.php?rest_route=\/wp\/v2\/media\/5946"}],"wp:attachment":[{"href":"https:\/\/clubelpasillo.com\/index.php?rest_route=%2Fwp%2Fv2%2Fmedia&parent=5936"}],"wp:term":[{"taxonomy":"category","embeddable":true,"href":"https:\/\/clubelpasillo.com\/index.php?rest_route=%2Fwp%2Fv2%2Fcategories&post=5936"},{"taxonomy":"post_tag","embeddable":true,"href":"https:\/\/clubelpasillo.com\/index.php?rest_route=%2Fwp%2Fv2%2Ftags&post=5936"}],"curies":[{"name":"wp","href":"https:\/\/api.w.org\/{rel}","templated":true}]}}