{"id":5927,"date":"2021-05-11T07:59:21","date_gmt":"2021-05-11T06:59:21","guid":{"rendered":"https:\/\/clubelpasillo.com\/?p=5927"},"modified":"2021-05-11T08:04:49","modified_gmt":"2021-05-11T07:04:49","slug":"dalecandela","status":"publish","type":"post","link":"https:\/\/clubelpasillo.com\/?p=5927","title":{"rendered":"DaleCandELA"},"content":{"rendered":"\n<p>Como sab\u00e9is, hace unas semanas se present\u00f3 el documental \u2018Grita Echeyde\u2019 que relata el tit\u00e1nico esfuerzo de Jaime para subir hasta la cima del Teide para seguir \u00abdando candela a la ELA\u00bb y hacer todo lo visible posible esta enfermedad.<\/p>\n\n\n\n<p>Y como cada vez que Jaime hace algo, los dem\u00e1s s\u00f3lo podemos quedarnos con la boca abierta, sorprendidos de su fortaleza f\u00edsica pero especialmente mental y de su capacidad para ponerse retos y superarlos. Es un ejemplo constante para todos nosotros que debemos interiorizar en nuestras propias vidas.<\/p>\n\n\n\n<p>El documental completo puede verse en Movistar.<\/p>\n\n\n\n<p>Hoy, aqu\u00ed, os dejamos un video que se ha hecho para homenajear al grupo de apoyo que le acompa\u00f1o en esa aventura y que, sin duda, fueron y son fundamentales para que Jaime siga \u00abdado guerra\u00bb! <\/p>\n\n\n\n<p>Que lo disfrut\u00e9is! <\/p>\n\n\n\n<figure class=\"wp-block-embed is-type-video is-provider-youtube wp-block-embed-youtube wp-embed-aspect-16-9 wp-has-aspect-ratio\"><div class=\"wp-block-embed__wrapper\">\n<iframe loading=\"lazy\" title=\"V\u00eddeo grupo de apoyo subida al Teide de Jaime DaleCandELA\" width=\"500\" height=\"281\" src=\"https:\/\/www.youtube.com\/embed\/U9U88GJZC88?feature=oembed\" frameborder=\"0\" allow=\"accelerometer; autoplay; clipboard-write; encrypted-media; gyroscope; picture-in-picture; web-share\" referrerpolicy=\"strict-origin-when-cross-origin\" allowfullscreen><\/iframe>\n<\/div><\/figure>\n","protected":false},"excerpt":{"rendered":"<p>Como sab\u00e9is, hace unas semanas se present\u00f3 el documental \u2018Grita Echeyde\u2019 que relata el tit\u00e1nico esfuerzo de Jaime para subir hasta la cima del Teide para seguir \u00abdando candela a la ELA\u00bb y hacer todo&#8230;<\/p>\n","protected":false},"author":11,"featured_media":5930,"comment_status":"open","ping_status":"open","sticky":false,"template":"","format":"standard","meta":{"footnotes":""},"categories":[5],"tags":[],"class_list":["post-5927","post","type-post","status-publish","format-standard","has-post-thumbnail","hentry","category-noticias"],"_links":{"self":[{"href":"https:\/\/clubelpasillo.com\/index.php?rest_route=\/wp\/v2\/posts\/5927","targetHints":{"allow":["GET"]}}],"collection":[{"href":"https:\/\/clubelpasillo.com\/index.php?rest_route=\/wp\/v2\/posts"}],"about":[{"href":"https:\/\/clubelpasillo.com\/index.php?rest_route=\/wp\/v2\/types\/post"}],"author":[{"embeddable":true,"href":"https:\/\/clubelpasillo.com\/index.php?rest_route=\/wp\/v2\/users\/11"}],"replies":[{"embeddable":true,"href":"https:\/\/clubelpasillo.com\/index.php?rest_route=%2Fwp%2Fv2%2Fcomments&post=5927"}],"version-history":[{"count":4,"href":"https:\/\/clubelpasillo.com\/index.php?rest_route=\/wp\/v2\/posts\/5927\/revisions"}],"predecessor-version":[{"id":5934,"href":"https:\/\/clubelpasillo.com\/index.php?rest_route=\/wp\/v2\/posts\/5927\/revisions\/5934"}],"wp:featuredmedia":[{"embeddable":true,"href":"https:\/\/clubelpasillo.com\/index.php?rest_route=\/wp\/v2\/media\/5930"}],"wp:attachment":[{"href":"https:\/\/clubelpasillo.com\/index.php?rest_route=%2Fwp%2Fv2%2Fmedia&parent=5927"}],"wp:term":[{"taxonomy":"category","embeddable":true,"href":"https:\/\/clubelpasillo.com\/index.php?rest_route=%2Fwp%2Fv2%2Fcategories&post=5927"},{"taxonomy":"post_tag","embeddable":true,"href":"https:\/\/clubelpasillo.com\/index.php?rest_route=%2Fwp%2Fv2%2Ftags&post=5927"}],"curies":[{"name":"wp","href":"https:\/\/api.w.org\/{rel}","templated":true}]}}