{"id":5920,"date":"2021-03-29T09:29:35","date_gmt":"2021-03-29T08:29:35","guid":{"rendered":"https:\/\/clubelpasillo.com\/?p=5920"},"modified":"2021-03-29T09:32:16","modified_gmt":"2021-03-29T08:32:16","slug":"presentacion-del-documental-grita-echeyde","status":"publish","type":"post","link":"https:\/\/clubelpasillo.com\/?p=5920","title":{"rendered":"Presentaci\u00f3n del documental &#8216;Grita Echeyde&#8217;"},"content":{"rendered":"\n<p>El s\u00e1bado pasado tuvimos la suerte de poder acudir a la presentaci\u00f3n del \u00faltimo proyecto que ha realizado DalecandELA, para dar a conocer los efectos de esta terrible y desconocida enfermedad.<\/p>\n\n\n\n<p>Un acto, realmente emotivo, desde el principio hasta el final, sin llegar a ser dram\u00e1tico, a pesar del drama que supone para quien lo sufre y todos los que le rodean.&nbsp; Hubo varios protagonistas. La verdad , no recuerdo desde d\u00f3nde ven\u00edan, porque se apuntaron de diferentes localidades y provincias. S\u00ed recuerdo a una chica de Vitoria, porque se sac\u00f3 una foto delante de mi y del Tesorero (que realmente representaba a otro grupo de amigos ciclistas), en silla de ruedas, pero sonriendo continuamente.<\/p>\n\n\n\n<p>Jaime, sali\u00f3 varias veces al escenario, habl\u00f3 con el esfuerzo que le supone y nos transmiti\u00f3 varios mensajes, todos ellos muy validos para la gente afortunada como nosotros que no padece el ELA.&nbsp;&nbsp;<\/p>\n\n\n\n<p>Por supuesto y adem\u00e1s de Ana Urrutia y Gabika, que lo hacen estupendamente frente al p\u00fablico, se ve en el documental, todo el trabajo y esfuerzo que supone en este caso llegar al Teide. Esfuerzo f\u00edsico de Jaime y de su otro compa\u00f1ero de adversidades (sobre todo de Jaime), pero tambi\u00e9n de todo ese grupo de amigos de Jaime, que le acompa\u00f1an en la sombra y le animan a continuar con esta batalla diaria.<\/p>\n\n\n\n<p>Trato de explicar lo que vi, pero en realidad es simplemente hablar de generosidad. Esperemos que desde El Pasillo, podamos aprender un poco de todo esto y adem\u00e1s de ayudar a promocionar en lo posible, los estragos de esta enfermedad, podamos aplicar y aplicarnos esta premisa tan \u201csencilla\u201d y \u201ccomplicada\u201d en nuestros tiempos (tanto dentro, como fuera del agua).<\/p>\n\n\n\n<p>\u00a1Animo Jaime, a seguir peleando!<\/p>\n\n\n\n<p>El Presi<\/p>\n\n\n\n<figure class=\"wp-block-image size-large\"><a href=\"https:\/\/clubelpasillo.com\/wp-content\/uploads\/2021\/03\/WhatsApp-Image-2021-03-27-at-23.45.38.jpeg\"><img loading=\"lazy\" decoding=\"async\" width=\"1024\" height=\"768\" src=\"https:\/\/clubelpasillo.com\/wp-content\/uploads\/2021\/03\/WhatsApp-Image-2021-03-27-at-23.45.38-1024x768.jpeg\" alt=\"\" class=\"wp-image-5921\" srcset=\"https:\/\/clubelpasillo.com\/wp-content\/uploads\/2021\/03\/WhatsApp-Image-2021-03-27-at-23.45.38-1024x768.jpeg 1024w, https:\/\/clubelpasillo.com\/wp-content\/uploads\/2021\/03\/WhatsApp-Image-2021-03-27-at-23.45.38-300x225.jpeg 300w, https:\/\/clubelpasillo.com\/wp-content\/uploads\/2021\/03\/WhatsApp-Image-2021-03-27-at-23.45.38-768x576.jpeg 768w, https:\/\/clubelpasillo.com\/wp-content\/uploads\/2021\/03\/WhatsApp-Image-2021-03-27-at-23.45.38-1536x1152.jpeg 1536w, https:\/\/clubelpasillo.com\/wp-content\/uploads\/2021\/03\/WhatsApp-Image-2021-03-27-at-23.45.38.jpeg 1600w\" sizes=\"auto, (max-width: 1024px) 100vw, 1024px\" \/><\/a><\/figure>\n","protected":false},"excerpt":{"rendered":"<p>El s\u00e1bado pasado tuvimos la suerte de poder acudir a la presentaci\u00f3n del \u00faltimo proyecto que ha realizado DalecandELA, para dar a conocer los efectos de esta terrible y desconocida enfermedad. Un acto, realmente emotivo,&#8230;<\/p>\n","protected":false},"author":11,"featured_media":5925,"comment_status":"open","ping_status":"open","sticky":false,"template":"","format":"standard","meta":{"footnotes":""},"categories":[5],"tags":[],"class_list":["post-5920","post","type-post","status-publish","format-standard","has-post-thumbnail","hentry","category-noticias"],"_links":{"self":[{"href":"https:\/\/clubelpasillo.com\/index.php?rest_route=\/wp\/v2\/posts\/5920","targetHints":{"allow":["GET"]}}],"collection":[{"href":"https:\/\/clubelpasillo.com\/index.php?rest_route=\/wp\/v2\/posts"}],"about":[{"href":"https:\/\/clubelpasillo.com\/index.php?rest_route=\/wp\/v2\/types\/post"}],"author":[{"embeddable":true,"href":"https:\/\/clubelpasillo.com\/index.php?rest_route=\/wp\/v2\/users\/11"}],"replies":[{"embeddable":true,"href":"https:\/\/clubelpasillo.com\/index.php?rest_route=%2Fwp%2Fv2%2Fcomments&post=5920"}],"version-history":[{"count":1,"href":"https:\/\/clubelpasillo.com\/index.php?rest_route=\/wp\/v2\/posts\/5920\/revisions"}],"predecessor-version":[{"id":5923,"href":"https:\/\/clubelpasillo.com\/index.php?rest_route=\/wp\/v2\/posts\/5920\/revisions\/5923"}],"wp:featuredmedia":[{"embeddable":true,"href":"https:\/\/clubelpasillo.com\/index.php?rest_route=\/wp\/v2\/media\/5925"}],"wp:attachment":[{"href":"https:\/\/clubelpasillo.com\/index.php?rest_route=%2Fwp%2Fv2%2Fmedia&parent=5920"}],"wp:term":[{"taxonomy":"category","embeddable":true,"href":"https:\/\/clubelpasillo.com\/index.php?rest_route=%2Fwp%2Fv2%2Fcategories&post=5920"},{"taxonomy":"post_tag","embeddable":true,"href":"https:\/\/clubelpasillo.com\/index.php?rest_route=%2Fwp%2Fv2%2Ftags&post=5920"}],"curies":[{"name":"wp","href":"https:\/\/api.w.org\/{rel}","templated":true}]}}