{"id":5874,"date":"2020-10-01T07:38:43","date_gmt":"2020-10-01T06:38:43","guid":{"rendered":"https:\/\/clubelpasillo.com\/?p=5874"},"modified":"2020-10-01T07:41:27","modified_gmt":"2020-10-01T06:41:27","slug":"15o-festival-el-pasillo-2020","status":"publish","type":"post","link":"https:\/\/clubelpasillo.com\/?p=5874","title":{"rendered":"15\u00ba Festival El Pasillo 2020"},"content":{"rendered":"\n<p>Muy a nuestro pesar, nos vemos en la necesidad de cancelar la celebraci\u00f3n del 15\u00ba Festival El Pasillo como consecuencia de las previsiones meteorol\u00f3gicas para el s\u00e1bado 3 de Octubre.<\/p>\n\n\n\n<div class=\"wp-block-image\"><figure class=\"alignleft size-large is-resized\"><img loading=\"lazy\" decoding=\"async\" src=\"https:\/\/clubelpasillo.com\/wp-content\/uploads\/2020\/10\/WhatsApp-Image-2020-09-30-at-15.49.39.jpeg\" alt=\"\" class=\"wp-image-5875\" width=\"195\" height=\"298\" srcset=\"https:\/\/clubelpasillo.com\/wp-content\/uploads\/2020\/10\/WhatsApp-Image-2020-09-30-at-15.49.39.jpeg 314w, https:\/\/clubelpasillo.com\/wp-content\/uploads\/2020\/10\/WhatsApp-Image-2020-09-30-at-15.49.39-197x300.jpeg 197w\" sizes=\"auto, (max-width: 195px) 100vw, 195px\" \/><\/figure><\/div>\n\n\n\n<p>Como ya sab\u00e9is todos, el pasado  de Septiembre propusimos aplazar el Festival que ten\u00edamos previsto realizar para el s\u00e1bado26, igualmente por motivos meteorol\u00f3gicos que hac\u00edan inviable su celebraci\u00f3n.<\/p>\n\n\n\n<p>As\u00ed que, por 2 ocasiones, el tiempo se ha puesto en nuestra contra y nos ha impedido celebrar este evento tan querido para nuestro club.<\/p>\n\n\n\n<p>Nos ponemos a pensar en algo que podamos organizar en las pr\u00f3ximas fechas y que nos quite el mal sabor de boca que nos ha dejado esta cancelaci\u00f3n inevitable.<\/p>\n\n\n\n<figure class=\"wp-block-image size-large\"><img loading=\"lazy\" decoding=\"async\" width=\"571\" height=\"805\" src=\"https:\/\/clubelpasillo.com\/wp-content\/uploads\/2020\/10\/Sin-titulo.png\" alt=\"\" class=\"wp-image-5877\" srcset=\"https:\/\/clubelpasillo.com\/wp-content\/uploads\/2020\/10\/Sin-titulo.png 571w, https:\/\/clubelpasillo.com\/wp-content\/uploads\/2020\/10\/Sin-titulo-213x300.png 213w\" sizes=\"auto, (max-width: 571px) 100vw, 571px\" \/><\/figure>\n","protected":false},"excerpt":{"rendered":"<p>Muy a nuestro pesar, nos vemos en la necesidad de cancelar la celebraci\u00f3n del 15\u00ba Festival El Pasillo como consecuencia de las previsiones meteorol\u00f3gicas para el s\u00e1bado 3 de Octubre. Como ya sab\u00e9is todos, el&#8230;<\/p>\n","protected":false},"author":11,"featured_media":5879,"comment_status":"open","ping_status":"open","sticky":false,"template":"","format":"standard","meta":{"footnotes":""},"categories":[5],"tags":[],"class_list":["post-5874","post","type-post","status-publish","format-standard","has-post-thumbnail","hentry","category-noticias"],"_links":{"self":[{"href":"https:\/\/clubelpasillo.com\/index.php?rest_route=\/wp\/v2\/posts\/5874","targetHints":{"allow":["GET"]}}],"collection":[{"href":"https:\/\/clubelpasillo.com\/index.php?rest_route=\/wp\/v2\/posts"}],"about":[{"href":"https:\/\/clubelpasillo.com\/index.php?rest_route=\/wp\/v2\/types\/post"}],"author":[{"embeddable":true,"href":"https:\/\/clubelpasillo.com\/index.php?rest_route=\/wp\/v2\/users\/11"}],"replies":[{"embeddable":true,"href":"https:\/\/clubelpasillo.com\/index.php?rest_route=%2Fwp%2Fv2%2Fcomments&post=5874"}],"version-history":[{"count":1,"href":"https:\/\/clubelpasillo.com\/index.php?rest_route=\/wp\/v2\/posts\/5874\/revisions"}],"predecessor-version":[{"id":5878,"href":"https:\/\/clubelpasillo.com\/index.php?rest_route=\/wp\/v2\/posts\/5874\/revisions\/5878"}],"wp:featuredmedia":[{"embeddable":true,"href":"https:\/\/clubelpasillo.com\/index.php?rest_route=\/wp\/v2\/media\/5879"}],"wp:attachment":[{"href":"https:\/\/clubelpasillo.com\/index.php?rest_route=%2Fwp%2Fv2%2Fmedia&parent=5874"}],"wp:term":[{"taxonomy":"category","embeddable":true,"href":"https:\/\/clubelpasillo.com\/index.php?rest_route=%2Fwp%2Fv2%2Fcategories&post=5874"},{"taxonomy":"post_tag","embeddable":true,"href":"https:\/\/clubelpasillo.com\/index.php?rest_route=%2Fwp%2Fv2%2Ftags&post=5874"}],"curies":[{"name":"wp","href":"https:\/\/api.w.org\/{rel}","templated":true}]}}