{"id":4907,"date":"2017-10-22T19:34:56","date_gmt":"2017-10-22T19:34:56","guid":{"rendered":"http:\/\/clubelpasillo.com\/?p=4907"},"modified":"2017-10-22T19:34:56","modified_gmt":"2017-10-22T19:34:56","slug":"salida-octubre-2017","status":"publish","type":"post","link":"https:\/\/clubelpasillo.com\/?p=4907","title":{"rendered":"Salida Octubre 2017"},"content":{"rendered":"<p style=\"text-align: center;\"><a href=\"http:\/\/clubelpasillo.com\/wp-content\/uploads\/2017\/10\/IMG-20171022-WA0003.jpg\"><img loading=\"lazy\" decoding=\"async\" class=\"alignnone size-medium wp-image-4908\" src=\"http:\/\/clubelpasillo.com\/wp-content\/uploads\/2017\/10\/IMG-20171022-WA0003-300x169.jpg\" alt=\"\" width=\"300\" height=\"169\" srcset=\"https:\/\/clubelpasillo.com\/wp-content\/uploads\/2017\/10\/IMG-20171022-WA0003-300x169.jpg 300w, https:\/\/clubelpasillo.com\/wp-content\/uploads\/2017\/10\/IMG-20171022-WA0003-768x432.jpg 768w, https:\/\/clubelpasillo.com\/wp-content\/uploads\/2017\/10\/IMG-20171022-WA0003-1024x576.jpg 1024w, https:\/\/clubelpasillo.com\/wp-content\/uploads\/2017\/10\/IMG-20171022-WA0003-98x55.jpg 98w, https:\/\/clubelpasillo.com\/wp-content\/uploads\/2017\/10\/IMG-20171022-WA0003-310x174.jpg 310w, https:\/\/clubelpasillo.com\/wp-content\/uploads\/2017\/10\/IMG-20171022-WA0003.jpg 1334w\" sizes=\"auto, (max-width: 300px) 100vw, 300px\" \/><\/a><\/p>\n<p>Durante la semana , todos ten\u00edamos la idea clara del ba\u00f1o que llegar\u00eda el S\u00e1bado. Los partes no cambiaban y se manten\u00edan los casi cinco metros de ola, con fuerte viento del noroeste.<\/p>\n<p>Cuando anunciamos la salida, hab\u00edamos pensado primeramente desplazarnos hacia Francia, destino muy apetecible y que nos rondaba en la cabeza desde hac\u00eda tiempo,\u00a0\u00a0\u00a0 pero con esas condiciones ser\u00eda \u00a0imposible , as\u00ed que \u00a0dirigimos nuestra mirada hacia el Oeste.<\/p>\n<p>Con esa perspectiva, los points, no son\u00a0 muchos \u00a0pensando en una salida en el d\u00eda.\u00a0 Hay uno en especial \u00a0que \u00a0\u00a0puede \u00a0dar buenas sesiones de olas, pero en este caso, \u00a0tienen que\u00a0 \u00a0encajan\u00a0 las piezas, \u00abmar\u00bb y\u00a0 marea. \u00a0\u00a0\u00a0Cosa que parec\u00eda iba a estar complicado.<\/p>\n<p>Nos citamos como siempre en\u00a0 \u00abLa curva\u00bb. En esta ocasi\u00f3n no tan temprano porque no pens\u00e1bamos ir lejos, \u00a0pero sobre todo porque \u00a0la marea baja ser\u00eda \u00a0sobre las 12.00 h del mediod\u00eda y la subida de mar la marcaban las previsiones\u00a0 para alrededor de las 14.00h.<\/p>\n<p>En Ereaga no hab\u00eda nada de nada pero si soplaba un fuerte viento gallego, lo cual volv\u00eda a ponernos en la tesitura de buscar un lugar protegido sin mar o un lugar abierto con el mar totalmente roto y desordenado.<\/p>\n<p>En esta ocasi\u00f3n , al igual que en alguna anterior, se hab\u00edan apuntado varios hijos de socios y alg\u00fan que otro de sus amigos.\u00a0 Para ellos era toda una experiencia poder salir a buscar sitios surfeables con los mayores, con los socios del Club.<\/p>\n<p>No era una salida multitudinaria porque muchos no hab\u00edan podido apuntarse (como siempre es dif\u00edcil compaginar todo)\u00a0 y otros pienso , no se hab\u00edan apuntado porque\u00a0 el surfear tan cerca como\u00a0 Ori\u00f1\u00f3n\u00a0 o Laredo por ejemplo , si no se daba la tercera alternativa, no era suficientemente atractivo para ellos.<\/p>\n<p>All\u00ed est\u00e1bamos I\u00f1aki Garai, I\u00f1aki Azpiazu y yo, tratando de vislumbrar nuestro\u00a0 futuro pr\u00f3ximo, lo cual no era f\u00e1cil, debido a la falta de olas.<\/p>\n<p>Sin embargo, nos tomamos la excursi\u00f3n como uno de esos d\u00edas de hace 30 a\u00f1os\u00a0 que todos vosotros hab\u00e9is vivido.\u00a0 Uno de esos maravillosos d\u00edas que todav\u00eda seguro record\u00e1is,\u00a0 porque en el\u00a0 seiscientos\u00a0 se hab\u00edan puesto 20 pesetas de gasolina y no se sab\u00eda hasta d\u00f3nde se llegaba con eso, si subir\u00eda o no la cuesta\u00a0 aquella, si\u00a0 se pinchar\u00eda en el camino y sobre todo, como no hab\u00eda tanta tecnolog\u00eda, si habr\u00eda\u00a0 alg\u00fan lugar bueno para surfear.<\/p>\n<p>Pero sobre todo, los recordareis por el \u00a0esp\u00edritu de aventura y camarader\u00eda que se respiraba dentro\u00a0 del coche, siempre escuchando buena m\u00fasica\u00a0 (si hab\u00eda suerte y funcionaba el radio casete)<\/p>\n<p>Pens\u00e1bamos que para estos enanos (todos m\u00e1s altos que nosotros) , el salir a encontrar ese sitio con cierta\u00a0 incertidumbre\u00a0\u00a0 era excitante.\u00a0 De hecho, estaban nerviosos y se mov\u00edan por el parquin como gatos encerrados y\u00a0 soltando comentarios cortos , como para involucrarse con \u00a0nosotros.<\/p>\n<p>Como\u00a0 ve\u00edamos que ten\u00edamos todo el d\u00eda , nuestra primera parada fue\u00a0 Islares\u00a0 con la disculpa de\u00a0 tomar un caf\u00e9 que luego no \u00a0tomamos.<\/p>\n<p>Bastante gente en el agua pero la ola apenas\u00a0 romp\u00eda.\u00a0 Medio metro\u00a0 no era suficiente aunque todav\u00eda le quedaba\u00a0 dos horas escasas para la baja. Segu\u00edamos esperanzados en que el mar ir\u00eda subiendo\u00a0 poco\u00a0 a poco.<\/p>\n<p>Al cabo de un rato, I\u00f1aki Garai propuso mostrarles\u00a0 a los j\u00f3venes un maravilloso lugar al otro lado de la bah\u00eda , totalmente desconocido para ellos.\u00a0\u00a0 Un secret spot dijimos y nos re\u00edmos con la ocurrencia.<\/p>\n<p>Por la nacional (imagino la antigua 1) llegamos a\u00a0 Sonabia en quince minutos.\u00a0\u00a0\u00a0 Condujimos hasta el final del camino y contemplamos el maravilloso paisaje de las pe\u00f1as\u00a0 que\u00a0 protegen la calita.<\/p>\n<p>All\u00ed\u00a0 , las olas eran algo m\u00e1s grandes , por lo que se abri\u00f3 un atisbo de\u00a0 esperanza\u00a0 para un ba\u00f1o posterior.<\/p>\n<p>Tras disfrutar de aquel paisaje durante un buen rato, nos\u00a0 despedimos de unos \u00abaventureros\u00bb con matr\u00edcula portuguesa , a los que hab\u00edamos sorprendido desayunando a los pies de su furgo\u00a0 y que por un momento, hab\u00edan temido \u00a0que\u00a0 aquella incre\u00edble\u00a0 expresi\u00f3n de\u00a0 majestuosidad y su simbiosis\u00a0 con\u00a0\u00a0 la naturaleza,\u00a0\u00a0 con\u00a0 las\u00a0 maravillosas\u00a0 pe\u00f1as\u00a0 en la ladera de Islares\u00a0 dominando al\u00a0 fondo , desapareciera \u00a0con la llegada de estos desconocidos.<\/p>\n<p>Sobre todo ,\u00a0 debido a las idas y venidas \u00a0\u00a0de los j\u00f3venes que se mov\u00edan de un lado a otro , admirando las rompientes y la playa.<\/p>\n<p>De ah\u00ed, nos largamos a nuestro\u00a0 destino final, Laredo.\u00a0\u00a0 Para nosotros ,\u00a0 el viaje ya hab\u00eda merecido la pena y casi nos daba igual qu\u00e9 nos encontr\u00e1ramos.\u00a0 De hecho, incluso hab\u00edamos barajado la posibilidad de volver sin mojarnos .<\/p>\n<p>Cu\u00e1l fue nuestra sorpresa que pese a no estar bien, s\u00ed hab\u00eda olas, as\u00ed que la deficiencia de las ondas, la \u00a0achacamos al punto de marea y decidimos esperar un poco m\u00e1s, de nuevo, con la esperanza de coincidir con la famosa subida de mar.<\/p>\n<p>Lleg\u00f3 Pitor Vilas mientras termin\u00e1bamos nuestro caf\u00e9 en un bar cercano \u00a0y su comentario nos hizo sonre\u00edr, d\u00e1ndonos cuenta de que los a\u00f1os, son los a\u00f1os. \u00bb Parece m\u00e1s una reuni\u00f3n de viejos, \u00a0que un viaje de surferos\u00bb. Y es que efectivamente , est\u00e1bamos hablando de todo , excepto de surf.<\/p>\n<p>Al poco, los j\u00f3venes , a quienes hab\u00edamos dejado a cargo de la vigilancia de la playa para que nos avisaran en caso de subir \u00a0el mar, nos dijeron que se iban al agua.\u00a0 Hab\u00eda olas y parec\u00eda que estaba rompiendo mejor (algo que ya hab\u00eda confirmado Pedro).<\/p>\n<p>Al poco, nos fuimos calentando con los comentarios de unos y otros y terminamos todos en el agua.\u00a0 Para entonces , tambi\u00e9n se hab\u00eda unido al grupo, \u00a0Gon D\u00edaz con su hijo y un amigo. Total, la tropa iba creciendo.<\/p>\n<p>Mientras est\u00e1bamos en el agua, entraron las primeras series m\u00e1s grandes que la media.\u00a0 La verdad es que el espect\u00e1culo del cambio de tama\u00f1o fue muy curioso.\u00a0 Algo que no siempre se encuentra uno en el agua.<\/p>\n<p>En general , todo\u00a0 el mundo\u00a0 cogi\u00f3\u00a0 buenas olas, a pesar de que como era de esperar hab\u00eda mucha gente.<\/p>\n<p>Despu\u00e9s del ba\u00f1o y tras una buena ducha, aprovechando toda\u00a0 la infraestructura de la casa de I\u00f1aki, nos dirigimos a un restaurante conocido \u00a0a deleitar un buen puchero monta\u00f1\u00e9s de \u00ablujo\u00bb.<\/p>\n<p>Poco despu\u00e9s , se nos uni\u00f3 \u00a0Wences que hab\u00eda entrado en el \u00faltimo momento \u00a0al agua y que apareci\u00f3\u00a0 con \u00a0m\u00e1s apetito que cualquiera de nosotros.\u00a0 Al parecer , hab\u00eda hecho ejercicio.<\/p>\n<p>De nuevo los j\u00f3venes nos dijeron que se iban al agua. Volvimos a la playa y vimos que hab\u00eda subido el mar y entraban m\u00e1s seguidas las series.<\/p>\n<p>Las derechas abr\u00edan en general pero las izquierdas cerraban a menudo a pesar de que la bajada parec\u00eda estar bien.<\/p>\n<p>Visto el panorama, \u00a0los que no ten\u00edamos tanta prisa, volvimos a darnos un ba\u00f1ito r\u00e1pido que disfrutamos mucho (sobre todo porque ninguno rompi\u00f3 \u00a0el tabl\u00f3n).<\/p>\n<p>Con esto , finalizamos \u00a0nuestro d\u00eda surfero. Un d\u00eda complet\u00edsimo y que pese a todo, termin\u00f3 con buenos ba\u00f1os.<\/p>\n<p>Hasta la pr\u00f3xima.<\/p>\n<p>El Presi<\/p>\n","protected":false},"excerpt":{"rendered":"<p>Durante la semana , todos ten\u00edamos la idea clara del ba\u00f1o que llegar\u00eda el S\u00e1bado. Los partes no cambiaban y se manten\u00edan los casi cinco metros de ola, con fuerte viento del noroeste. Cuando anunciamos&#8230;<\/p>\n","protected":false},"author":4,"featured_media":0,"comment_status":"open","ping_status":"open","sticky":false,"template":"","format":"standard","meta":{"footnotes":""},"categories":[5],"tags":[],"class_list":["post-4907","post","type-post","status-publish","format-standard","hentry","category-noticias"],"_links":{"self":[{"href":"https:\/\/clubelpasillo.com\/index.php?rest_route=\/wp\/v2\/posts\/4907","targetHints":{"allow":["GET"]}}],"collection":[{"href":"https:\/\/clubelpasillo.com\/index.php?rest_route=\/wp\/v2\/posts"}],"about":[{"href":"https:\/\/clubelpasillo.com\/index.php?rest_route=\/wp\/v2\/types\/post"}],"author":[{"embeddable":true,"href":"https:\/\/clubelpasillo.com\/index.php?rest_route=\/wp\/v2\/users\/4"}],"replies":[{"embeddable":true,"href":"https:\/\/clubelpasillo.com\/index.php?rest_route=%2Fwp%2Fv2%2Fcomments&post=4907"}],"version-history":[{"count":1,"href":"https:\/\/clubelpasillo.com\/index.php?rest_route=\/wp\/v2\/posts\/4907\/revisions"}],"predecessor-version":[{"id":4909,"href":"https:\/\/clubelpasillo.com\/index.php?rest_route=\/wp\/v2\/posts\/4907\/revisions\/4909"}],"wp:attachment":[{"href":"https:\/\/clubelpasillo.com\/index.php?rest_route=%2Fwp%2Fv2%2Fmedia&parent=4907"}],"wp:term":[{"taxonomy":"category","embeddable":true,"href":"https:\/\/clubelpasillo.com\/index.php?rest_route=%2Fwp%2Fv2%2Fcategories&post=4907"},{"taxonomy":"post_tag","embeddable":true,"href":"https:\/\/clubelpasillo.com\/index.php?rest_route=%2Fwp%2Fv2%2Ftags&post=4907"}],"curies":[{"name":"wp","href":"https:\/\/api.w.org\/{rel}","templated":true}]}}