{"id":422,"date":"2014-10-11T23:23:35","date_gmt":"2014-10-11T23:23:35","guid":{"rendered":"http:\/\/clubelpasillo.com\/?p=422"},"modified":"2014-10-21T15:42:05","modified_gmt":"2014-10-21T15:42:05","slug":"festival-el-pasillo-2014-2","status":"publish","type":"post","link":"https:\/\/clubelpasillo.com\/?p=422","title":{"rendered":"Festival El Pasillo 2014"},"content":{"rendered":"<p><a href=\"http:\/\/clubelpasillo.com\/wp-content\/uploads\/2014\/10\/Cartel_Festival_2014.jpg\"><img loading=\"lazy\" decoding=\"async\" class=\"size-medium wp-image-445 aligncenter\" alt=\"Cartel_Festival_2014\" src=\"http:\/\/clubelpasillo.com\/wp-content\/uploads\/2014\/10\/Cartel_Festival_2014-211x300.jpg\" width=\"211\" height=\"300\" srcset=\"https:\/\/clubelpasillo.com\/wp-content\/uploads\/2014\/10\/Cartel_Festival_2014-211x300.jpg 211w, https:\/\/clubelpasillo.com\/wp-content\/uploads\/2014\/10\/Cartel_Festival_2014-38x55.jpg 38w, https:\/\/clubelpasillo.com\/wp-content\/uploads\/2014\/10\/Cartel_Festival_2014-310x439.jpg 310w, https:\/\/clubelpasillo.com\/wp-content\/uploads\/2014\/10\/Cartel_Festival_2014.jpg 628w\" sizes=\"auto, (max-width: 211px) 100vw, 211px\" \/><\/a><\/p>\n<p>&nbsp;<\/p>\n<p>Sin saber muy bien por qu\u00e9 lo digo, creo que este ha sido uno de los mejores Festivales que hemos tenido. Quiz\u00e1s lo diga por las olas de las primeras tandas (luego salt\u00f3 el Oeste y m\u00e1s tarde fue rolando al Noroeste) porque \u00a0aunque se mantuvo el tama\u00f1o durante todo el d\u00eda, la calidad de las olas no fue buena, lo cual complicaba bastante el surfearlas con el tabl\u00f3n. A\u00fan as\u00ed, se vieron buenas maniobras por parte de los participantes.<\/p>\n<p>Quiz\u00e1s lo diga porque como siempre el ambiente fue fen\u00f3meno, tanto mientras compet\u00edamos en el Festival como a la hora de disfrutar de la barbacoa. O quiz\u00e1s lo diga por la recogida tan espectacular que tuvimos que efectuar en la mitad de la barbacoa cuando entro el chubasco de verdad. Pero incluso eso me gust\u00f3 (no porque lamentablemente nos qued\u00e1ramos sin m\u00fasica y sin terminar la cena) si no, porque la recogida fue fulminante pero muy organizada. Como siempre, esto se debi\u00f3 a la cooperaci\u00f3n de todos en esos momentos cr\u00edticos pero sobre todo porque el Club ya tiene una experiencia interesante en este tipo de eventos.<\/p>\n<p>Algunos me tachar\u00e9is de positivista o positivo y no me extra\u00f1a. La interrupci\u00f3n de la barbacoa fue una verdadera faena. Esta a\u00f1o Cherra (experto chief en estos acontecimientos) cedi\u00f3 muy educadamente la Direcci\u00f3n de la cocina a Charly Ja\u00faregui Beraza, que mantuvo un nivel muy alto en el control de las existencias asadas, las no asadas y nunca mejor dicho todo lo que se coc\u00eda all\u00ed. L\u00e1stima, \u00a0porque sinceramente hab\u00edamos hecho un esfuerzo para que los presentes se hartaran de viandas pero finalmente, todos \u00a0nos quedamos un poco a medias (lo que sobr\u00f3 ir\u00e1 para el Tableru). Indiscutiblemente hacen un d\u00fao b\u00e1rbaro en la cocina. Muchas gracias a ambos.<br \/>\nTenemos que agradecer tambi\u00e9n a Luis que como siempre \u00a0puso \u00a0la sede a disposici\u00f3n del Club (y en d\u00edas as\u00ed, realmente nos salva el Festival), a su hermano Carlos, al cual siempre le pedimos \u201csopitas\u201d con cualquier peque\u00f1o o gran detalle, a Escu que le pedimos el cartel siempre a \u00a0\u00faltima hora y nunca pone pega alguna \u00a0(fant\u00e1stico siempre d\u00edgase de paso), al gran Pablillo Basterra al cual le reclamamos la \u201cquilla\u201d \u00a0tambi\u00e9n y siempre en el \u00faltimo momento y a \u00a0los que hac\u00e9is posible este \u00a0Festival que sois todos.<\/p>\n<p>Este a\u00f1o, el Ayuntamiento nos \u00a0permiti\u00f3 hacer realidad uno de nuestros deseos que es bajar los coches cl\u00e1sicos (s\u00edmbolo de la filosof\u00eda del Club) a la playa para que adem\u00e1s, la gente pueda disfrutar de esa espectacular vista en un lugar privilegiado como es Sopelana.<br \/>\nEste a\u00f1o el primer premio fue para Alfredo Solana (2\u00ba a\u00f1o que se lo lleva), quien guardar\u00e1 el Trofeo durante un a\u00f1o para entreg\u00e1rselo al siguiente ganador. En segundo lugar Forof Vilas con muy buen surfeo por cierto (es que me toc\u00f3 en la primera tanda con \u00e9l y le vi de cerca).<\/p>\n<p>En consolaci\u00f3n, primer premio para Pedro Vilallonga, que como siempre consigui\u00f3 hacer el \u201cpino\u201d en un par de ocasiones con el riesgo en esta ocasi\u00f3n \u00a0de romperse el cuello debido a lo \u201cchopi\u201d que estaba el mar.<br \/>\nNo quiero dejar de comentar que durante el reparto, lleg\u00f3 Berni (siempre muy oportuno) con un mensaje directo de Julito (ante la imposibilidad de este de acudir en persona); \u201cquer\u00eda entregar sus mejores recuerdos y enseres de Surf al Club y a aquellos que han compartido la ilusi\u00f3n de este deporte con \u00e9l en estos \u00faltimos a\u00f1os\u201d. Y as\u00ed nos entreg\u00f3 su tabla (de acuerdo a una sugerencia de Luis, la colgaremos en la sede con una foto de Julito), su traje (se entreg\u00f3 a Pablo Basterra) y sus camisetas que las repartimos entre todos.<br \/>\nBien, esto fue todo en este Festival, ahora ya tenemos que estar pensando en lo que nos resta de a\u00f1o que todav\u00eda es mucho.<br \/>\nEl Presi.<\/p>\n","protected":false},"excerpt":{"rendered":"<p>&nbsp; Sin saber muy bien por qu\u00e9 lo digo, creo que este ha sido uno de los mejores Festivales que hemos tenido. Quiz\u00e1s lo diga por las olas de las primeras tandas (luego salt\u00f3 el&#8230;<\/p>\n","protected":false},"author":4,"featured_media":0,"comment_status":"open","ping_status":"open","sticky":false,"template":"","format":"standard","meta":{"footnotes":""},"categories":[5],"tags":[],"class_list":["post-422","post","type-post","status-publish","format-standard","hentry","category-noticias"],"_links":{"self":[{"href":"https:\/\/clubelpasillo.com\/index.php?rest_route=\/wp\/v2\/posts\/422","targetHints":{"allow":["GET"]}}],"collection":[{"href":"https:\/\/clubelpasillo.com\/index.php?rest_route=\/wp\/v2\/posts"}],"about":[{"href":"https:\/\/clubelpasillo.com\/index.php?rest_route=\/wp\/v2\/types\/post"}],"author":[{"embeddable":true,"href":"https:\/\/clubelpasillo.com\/index.php?rest_route=\/wp\/v2\/users\/4"}],"replies":[{"embeddable":true,"href":"https:\/\/clubelpasillo.com\/index.php?rest_route=%2Fwp%2Fv2%2Fcomments&post=422"}],"version-history":[{"count":6,"href":"https:\/\/clubelpasillo.com\/index.php?rest_route=\/wp\/v2\/posts\/422\/revisions"}],"predecessor-version":[{"id":446,"href":"https:\/\/clubelpasillo.com\/index.php?rest_route=\/wp\/v2\/posts\/422\/revisions\/446"}],"wp:attachment":[{"href":"https:\/\/clubelpasillo.com\/index.php?rest_route=%2Fwp%2Fv2%2Fmedia&parent=422"}],"wp:term":[{"taxonomy":"category","embeddable":true,"href":"https:\/\/clubelpasillo.com\/index.php?rest_route=%2Fwp%2Fv2%2Fcategories&post=422"},{"taxonomy":"post_tag","embeddable":true,"href":"https:\/\/clubelpasillo.com\/index.php?rest_route=%2Fwp%2Fv2%2Ftags&post=422"}],"curies":[{"name":"wp","href":"https:\/\/api.w.org\/{rel}","templated":true}]}}