{"id":3544,"date":"2016-12-16T16:35:10","date_gmt":"2016-12-16T16:35:10","guid":{"rendered":"http:\/\/clubelpasillo.com\/?p=3544"},"modified":"2016-12-16T16:56:33","modified_gmt":"2016-12-16T16:56:33","slug":"3544","status":"publish","type":"post","link":"https:\/\/clubelpasillo.com\/?p=3544","title":{"rendered":"Gallo, Campe\u00f3n del Mundo"},"content":{"rendered":"<p style=\"text-align: center;\"><a href=\"http:\/\/clubelpasillo.com\/wp-content\/uploads\/2016\/12\/gallo-campeon-del-mundo.jpg\"><img loading=\"lazy\" decoding=\"async\" class=\"alignnone size-medium wp-image-3547\" src=\"http:\/\/clubelpasillo.com\/wp-content\/uploads\/2016\/12\/gallo-campeon-del-mundo-300x169.jpg\" alt=\"gallo-campeon-del-mundo\" width=\"300\" height=\"169\" srcset=\"https:\/\/clubelpasillo.com\/wp-content\/uploads\/2016\/12\/gallo-campeon-del-mundo-300x169.jpg 300w, https:\/\/clubelpasillo.com\/wp-content\/uploads\/2016\/12\/gallo-campeon-del-mundo-98x55.jpg 98w, https:\/\/clubelpasillo.com\/wp-content\/uploads\/2016\/12\/gallo-campeon-del-mundo-310x175.jpg 310w, https:\/\/clubelpasillo.com\/wp-content\/uploads\/2016\/12\/gallo-campeon-del-mundo.jpg 650w\" sizes=\"auto, (max-width: 300px) 100vw, 300px\" \/><\/a><\/p>\n<p style=\"text-align: left;\">Hace ya bastantes a\u00f1os , el Club El Pasillo tuvo la oportunidad de contar con la presencia de un personaje bastante peculiar pero sobre todo muy buen profesional.<\/p>\n<p style=\"text-align: left;\">En aquella ocasi\u00f3n curiosamente , \u00e9l no ven\u00eda como el surfero protagonista (a pesar de su muy buen nivel) \u00a0, sino como \u00a0el entrenador f\u00edsico de Ibon Amatriain, muy conocido por todos por surfear todo tipo de olas, todo tipo de tablas (incluyendo el tabl\u00f3n) , haci\u00e9ndolo tan bien en todos los casos que se dedica al surf de manera profesional.<\/p>\n<p style=\"text-align: left;\">Pero en su momento ya escribimos sobre Ibon. \u00a0En esta ocasi\u00f3n, tenemos que quitarnos el sombrero ante alguien que ha superado todo lo que se puede superar. No han sido olas de 7 m., ni los reefs m\u00e1s dif\u00edciles y arriesgados.<\/p>\n<p style=\"text-align: left;\">Es \u00a0su vida la que nos impresiona, lo que ha logrado a base de esfuerzo, much\u00edsimo sacrificio (no hay duda). Por supuesto, \u00a0much\u00edsima pericia y calidad surfeando pero a\u00fan y a pesar de todo \u00a0eso, un plus a\u00f1adido, algo que dir\u00eda , muy poca gente tiene, un don especial.<\/p>\n<p style=\"text-align: left;\">No creo que haya mucha gente que como Gallo \u00a0surfee siendo ciego. \u00a0S\u00ed, eso he dicho, invidente. \u00a0Creo que el resto , no podr\u00edamos movernos bien en tierra en su situaci\u00f3n, as\u00ed \u00a0que en el mar , ser\u00eda impensable. \u00a0Pero , \u00a0por supuesto, menos gente a\u00fan \u00a0que llegue a un Campeonato del Mundo y lo GANE.<\/p>\n<p style=\"text-align: left;\">Cuando estuvo dando la charla en el Real Club Jolaseta para El Pasillo junto a Ib\u00f3n, ya nos transmiti\u00f3 su devoci\u00f3n por el Surf y por todo el trabajo que hac\u00eda. Se dedicaba \u00a0en vida y alma y lo hac\u00eda \u00a0de manera m\u00e1s que profesional.<\/p>\n<p style=\"text-align: left;\">Pero con esta noticia, creo que nos ha dejado a todos fuera de lugar. \u00a0Quiz\u00e1s , aquellos cercanos a \u00e9l , sab\u00edan que podr\u00eda ganarlo (o posiblemente estuvieran seguro de ello, \u00a0conociendo a Gallo), pero en cualquier caso, es algo incre\u00edble y maravilloso.<\/p>\n<p style=\"text-align: left;\">Al comienzo , tuvo problemas con un ojo por un glaucoma ocular ,y posteriormente un accidente con el otro , as\u00ed que qued\u00f3 invidente. \u00a0A pesar de ello, ha seguido ligado al Surf \u00a0de la manera que mejor ha sabido hacer siempre , disfrutando del mar y las olas.<\/p>\n<p style=\"text-align: left;\">Ahora , ha recibido el mayor reconocimiento que puede recibir un surfero, ser nombrado Campe\u00f3n del Mundo.<\/p>\n<p style=\"text-align: left;\">Desde el Club El Pasillo , le queremos dar nuestra enhorabuena , pero sobre todo , agradecerle su \u00a0esp\u00edritu luchador que es un ejemplo para todos y \u00a0 su pasi\u00f3n por el mar y el Surf.<\/p>\n<p style=\"text-align: left;\">Un fuerte abrazo desde el \u00a0Pasillo.<\/p>\n<p style=\"text-align: left;\">El Presi<\/p>\n<p style=\"text-align: center;\">\n","protected":false},"excerpt":{"rendered":"<p>Hace ya bastantes a\u00f1os , el Club El Pasillo tuvo la oportunidad de contar con la presencia de un personaje bastante peculiar pero sobre todo muy buen profesional. En aquella ocasi\u00f3n curiosamente , \u00e9l no&#8230;<\/p>\n","protected":false},"author":4,"featured_media":0,"comment_status":"open","ping_status":"open","sticky":false,"template":"","format":"standard","meta":{"footnotes":""},"categories":[5],"tags":[],"class_list":["post-3544","post","type-post","status-publish","format-standard","hentry","category-noticias"],"_links":{"self":[{"href":"https:\/\/clubelpasillo.com\/index.php?rest_route=\/wp\/v2\/posts\/3544","targetHints":{"allow":["GET"]}}],"collection":[{"href":"https:\/\/clubelpasillo.com\/index.php?rest_route=\/wp\/v2\/posts"}],"about":[{"href":"https:\/\/clubelpasillo.com\/index.php?rest_route=\/wp\/v2\/types\/post"}],"author":[{"embeddable":true,"href":"https:\/\/clubelpasillo.com\/index.php?rest_route=\/wp\/v2\/users\/4"}],"replies":[{"embeddable":true,"href":"https:\/\/clubelpasillo.com\/index.php?rest_route=%2Fwp%2Fv2%2Fcomments&post=3544"}],"version-history":[{"count":4,"href":"https:\/\/clubelpasillo.com\/index.php?rest_route=\/wp\/v2\/posts\/3544\/revisions"}],"predecessor-version":[{"id":3551,"href":"https:\/\/clubelpasillo.com\/index.php?rest_route=\/wp\/v2\/posts\/3544\/revisions\/3551"}],"wp:attachment":[{"href":"https:\/\/clubelpasillo.com\/index.php?rest_route=%2Fwp%2Fv2%2Fmedia&parent=3544"}],"wp:term":[{"taxonomy":"category","embeddable":true,"href":"https:\/\/clubelpasillo.com\/index.php?rest_route=%2Fwp%2Fv2%2Fcategories&post=3544"},{"taxonomy":"post_tag","embeddable":true,"href":"https:\/\/clubelpasillo.com\/index.php?rest_route=%2Fwp%2Fv2%2Ftags&post=3544"}],"curies":[{"name":"wp","href":"https:\/\/api.w.org\/{rel}","templated":true}]}}