{"id":3534,"date":"2016-12-09T18:41:36","date_gmt":"2016-12-09T18:41:36","guid":{"rendered":"http:\/\/clubelpasillo.com\/?p=3534"},"modified":"2016-12-11T06:24:26","modified_gmt":"2016-12-11T06:24:26","slug":"surfing-the-basque-country","status":"publish","type":"post","link":"https:\/\/clubelpasillo.com\/?p=3534","title":{"rendered":"Surfing  the Basque Country"},"content":{"rendered":"<p style=\"text-align: center;\"><a href=\"http:\/\/clubelpasillo.com\/wp-content\/uploads\/2016\/12\/IMG-20161209-WA0005.jpg\"><img loading=\"lazy\" decoding=\"async\" class=\"alignnone size-medium wp-image-3537\" src=\"http:\/\/clubelpasillo.com\/wp-content\/uploads\/2016\/12\/IMG-20161209-WA0005-169x300.jpg\" alt=\"img-20161209-wa0005\" width=\"169\" height=\"300\" srcset=\"https:\/\/clubelpasillo.com\/wp-content\/uploads\/2016\/12\/IMG-20161209-WA0005-169x300.jpg 169w, https:\/\/clubelpasillo.com\/wp-content\/uploads\/2016\/12\/IMG-20161209-WA0005-576x1024.jpg 576w, https:\/\/clubelpasillo.com\/wp-content\/uploads\/2016\/12\/IMG-20161209-WA0005-31x55.jpg 31w, https:\/\/clubelpasillo.com\/wp-content\/uploads\/2016\/12\/IMG-20161209-WA0005-310x551.jpg 310w, https:\/\/clubelpasillo.com\/wp-content\/uploads\/2016\/12\/IMG-20161209-WA0005.jpg 900w\" sizes=\"auto, (max-width: 169px) 100vw, 169px\" \/><\/a><\/p>\n<p style=\"text-align: left;\">Hoy estaba en el agua cogiendo unas olitas y un socio me ha preguntado cu\u00e1ndo estar\u00eda la \u00a0cr\u00f3nica de la semana pasada. \u00a0Con cierta verg\u00fcenza le dicho que sin falta este fin de semana (una semana m\u00e1s tarde que el evento). \u00a0Seg\u00fan he llegado a casa , he dejado mis tareas caseras y extra caseras pero familiares y me he puesto a ello .<\/p>\n<p style=\"text-align: left;\">Como os acabo de comentar , este evento lo convocamos hace exactamente una semana, el viernes pasado y adem\u00e1s, lo hicimos coincidir con nuestro cierre de a\u00f1o.<\/p>\n<p style=\"text-align: left;\">En el Restaurante Arrietara nos trataron como siempre de maravilla. \u00a0El lugar es fen\u00f3meno para este tipo de reuniones, cerca de la playa, espacioso, m\u00e1s a\u00fan, \u00a0con la sala del piso superior a nuestra disposici\u00f3n, pantalla gigante \u00a0y una barra que cualquiera la quisiera en sus fiestas.<\/p>\n<p style=\"text-align: left;\">De todas maneras y aprovechando que no hab\u00eda apenas gente ese d\u00eda y a esa hora all\u00ed, comenzamos la reuni\u00f3n en el Bar. \u00a0 All\u00ed , nos \u00a0reunimos unos 30 para comprar el libro \u00a0(aunque la venta super\u00f3 ese n\u00famero \u00a0con creces, ya que fueron varios los que compraron m\u00e1s de uno) \u00a0que nos iba a presentar su autor, Javi Am\u00e9zaga, bien conocido y querido por todos.<\/p>\n<p style=\"text-align: left;\">El libro nos maravill\u00f3 a todos desde el momento en que nos lo dej\u00f3 en la mano. Tapas \u00a0y p\u00e1ginas duras y por supuesto fotograf\u00edas de buen\u00edsima calidad, y sobre todo un punto de vista de alguien que ha vivido la playa desde joven en Vizcaya y conoce muy de cerca a los protagonistas de esta fascinante historia qu\u00e9 \u00a0es el surfing y por supuesto a sus protagonistas.<\/p>\n<p style=\"text-align: left;\">As\u00ed que Javi, se sent\u00f3, se arm\u00f3 de paciencia (imagino que lo mismo que cualquier escritor que tiene que hacer lo mismo), levant\u00f3 delicadamente cada una de las \u00abtapas\u00bb superiores de cada ejemplar \u00a0y dedic\u00f3 con mucha ilusi\u00f3n cada uno de los libros, preguntando cu\u00e1l era el destino del mismo, \u00a0si era para el que \u00a0lo compraba, para un amigo, un hijo, etc) y entonces , escrib\u00eda la dedicatoria poni\u00e9ndose de nuevo las gafas, \u00a0que se hab\u00eda retirado de lo ojos para mirar directamente a su interlocutor.<\/p>\n<p style=\"text-align: left;\">Mientras Javi escrib\u00eda, firmaba y preguntaba o respond\u00eda , muchas caras conocidas se \u00a0hab\u00edan presentado en el Bar para tomar una cerveza, saludar al autor , echar una ojeada al libro o saludar al otro resto de surfistas que tambi\u00e9n hab\u00edan acudido esa noche. \u00a0Como solemos comentar, son oportunidades que te permiten \u00a0coincidir con gente que no has visto en mucho tiempo o a veces, muchos a\u00f1os . La vida nos lleva por distintos derroteros y nunca sabes si confluir\u00e1s o no con el resto. Por eso, es importante aprovechar estas oportunidades para saludar una vez m\u00e1s y compartir recuerdos y buenos momentos.<\/p>\n<p style=\"text-align: left;\">Despu\u00e9s de algo m\u00e1s de hora y media , Javi no sent\u00eda los dedos de tanto escribir y \u00a0firmar (bueno, es lo que imagino porque realmente los dedic\u00f3 con cari\u00f1o a cada uno de nosotros), as\u00ed que comenzamos con la cena, las raciones \u00a0y los pinchos y continuamos con la cerveza y el vino (algo que nunca debe de faltar en una reuni\u00f3n surfer &#8230;. de veteranos&#8230; j\u00f3venes).<\/p>\n<p style=\"text-align: left;\">Cuando nos hab\u00edamos liquidado una cantidad importante de \u00a0los pinchos y raciones que nos hab\u00edan sacado \u00a0y parte de los postres, comenz\u00f3 la esperada Presentaci\u00f3n del libro \u00abSurfing \u00a0 the Basque Country\u00bb.<\/p>\n<p style=\"text-align: left;\">No somos demasiado j\u00f3venes , as\u00ed que despu\u00e9s de la exposici\u00f3n de Javi acerca del motivo y el sentido de su libro, nos permiti\u00f3 hacerle una serie de preguntas. \u00a0Durante su explicaci\u00f3n, todos percib\u00edamos con qu\u00e9 dedicaci\u00f3n y sacrificio (tiempo, recursos y dinero), se hab\u00eda dedicado a este gran proyecto.<\/p>\n<p style=\"text-align: left;\">Cuando uno echa una ojeada al libro, puede pensar que son una serie de fotos conseguidas en los viejos \u00abarchivos\u00bb de cada \u00abviejo\u00bb surfero que celosamente guard\u00f3 dichas im\u00e1genes y que lo dif\u00edcil fue conseguirlas.<\/p>\n<p style=\"text-align: left;\">En realidad , lo dif\u00edcil, es juntarlas y crear un escenario en donde cada uno de los surfistas que han vivido desde los a\u00f1os 60 hasta ahora, se sientan de una manera u otra transportados, cada uno a su tiempo y a sus vivencias.<\/p>\n<p style=\"text-align: left;\">Pienso que ha sido un acierto el libro , ser\u00e1 un gran \u00e9xito (ese d\u00eda se hab\u00edan terminado los ejemplares de la mayor\u00eda de las librer\u00edas) y con un poco de suerte, de la mano de Javi o cualquier otro involucrado, iremos recordando lo que fue y ha llegado a ser el Surfing en nuestra costa.<\/p>\n<p style=\"text-align: left;\">Aprovechando que est\u00e1bamos reunidos, el Secre (Pitor Vilas) y el jefe de la barbac\u00f3a, Cherra Arana \u00a0(que ya se postula como siguiente presidente), nos resumieron los distintos eventos y actividades que hab\u00edamos organizado desde \u00a0el Pasillo este 2016. Entre otros, hablamos de la cena de comienzo de a\u00f1o, carnavales en Laredo, nuestro festival, el Tableru y la fant\u00e1stica paella organizada por Edu Luca en Gerra, as\u00ed como su conferencia sobre el surf en el Real Club Mar\u00edtimo del Abra.<\/p>\n<p style=\"text-align: left;\">S\u00f3lo deseamos que llegue este pr\u00f3ximo 2017 que se presenta lleno de oportunidades y posibilidades para hacer surfing y disfrutar de los amigos.<\/p>\n<p style=\"text-align: left;\">El Presi.<\/p>\n<p style=\"text-align: left;\"><a href=\"http:\/\/clubelpasillo.com\/wp-content\/uploads\/2016\/12\/IMG-20161209-WA0009.jpg\"><img loading=\"lazy\" decoding=\"async\" class=\"alignnone size-medium wp-image-3539\" src=\"http:\/\/clubelpasillo.com\/wp-content\/uploads\/2016\/12\/IMG-20161209-WA0009-300x169.jpg\" alt=\"img-20161209-wa0009\" width=\"300\" height=\"169\" srcset=\"https:\/\/clubelpasillo.com\/wp-content\/uploads\/2016\/12\/IMG-20161209-WA0009-300x169.jpg 300w, https:\/\/clubelpasillo.com\/wp-content\/uploads\/2016\/12\/IMG-20161209-WA0009-1024x576.jpg 1024w, https:\/\/clubelpasillo.com\/wp-content\/uploads\/2016\/12\/IMG-20161209-WA0009-98x55.jpg 98w, https:\/\/clubelpasillo.com\/wp-content\/uploads\/2016\/12\/IMG-20161209-WA0009-310x174.jpg 310w, https:\/\/clubelpasillo.com\/wp-content\/uploads\/2016\/12\/IMG-20161209-WA0009.jpg 1600w\" sizes=\"auto, (max-width: 300px) 100vw, 300px\" \/><\/a> <a href=\"http:\/\/clubelpasillo.com\/wp-content\/uploads\/2016\/12\/IMG-20161209-WA0007.jpg\"><img loading=\"lazy\" decoding=\"async\" class=\"alignnone size-medium wp-image-3535\" src=\"http:\/\/clubelpasillo.com\/wp-content\/uploads\/2016\/12\/20161202_225007-300x169.jpg\" alt=\"20161202_225007\" width=\"300\" height=\"169\" srcset=\"https:\/\/clubelpasillo.com\/wp-content\/uploads\/2016\/12\/20161202_225007-300x169.jpg 300w, https:\/\/clubelpasillo.com\/wp-content\/uploads\/2016\/12\/20161202_225007-1024x576.jpg 1024w, https:\/\/clubelpasillo.com\/wp-content\/uploads\/2016\/12\/20161202_225007-98x55.jpg 98w, https:\/\/clubelpasillo.com\/wp-content\/uploads\/2016\/12\/20161202_225007-310x174.jpg 310w, https:\/\/clubelpasillo.com\/wp-content\/uploads\/2016\/12\/20161202_225007.jpg 1280w\" sizes=\"auto, (max-width: 300px) 100vw, 300px\" \/><img loading=\"lazy\" decoding=\"async\" class=\"alignnone size-medium wp-image-3538\" src=\"http:\/\/clubelpasillo.com\/wp-content\/uploads\/2016\/12\/IMG-20161209-WA0007-300x169.jpg\" alt=\"img-20161209-wa0007\" width=\"300\" height=\"169\" srcset=\"https:\/\/clubelpasillo.com\/wp-content\/uploads\/2016\/12\/IMG-20161209-WA0007-300x169.jpg 300w, https:\/\/clubelpasillo.com\/wp-content\/uploads\/2016\/12\/IMG-20161209-WA0007-1024x576.jpg 1024w, https:\/\/clubelpasillo.com\/wp-content\/uploads\/2016\/12\/IMG-20161209-WA0007-98x55.jpg 98w, https:\/\/clubelpasillo.com\/wp-content\/uploads\/2016\/12\/IMG-20161209-WA0007-310x174.jpg 310w, https:\/\/clubelpasillo.com\/wp-content\/uploads\/2016\/12\/IMG-20161209-WA0007.jpg 1600w\" sizes=\"auto, (max-width: 300px) 100vw, 300px\" \/><\/a> \u00a0<a href=\"http:\/\/clubelpasillo.com\/wp-content\/uploads\/2016\/12\/20161202_225029-e1481305436670.jpg\"><img loading=\"lazy\" decoding=\"async\" class=\"alignnone size-medium wp-image-3536\" src=\"http:\/\/clubelpasillo.com\/wp-content\/uploads\/2016\/12\/20161202_225029-e1481305436670-169x300.jpg\" alt=\"20161202_225029\" width=\"169\" height=\"300\" srcset=\"https:\/\/clubelpasillo.com\/wp-content\/uploads\/2016\/12\/20161202_225029-e1481305436670-169x300.jpg 169w, https:\/\/clubelpasillo.com\/wp-content\/uploads\/2016\/12\/20161202_225029-e1481305436670-576x1024.jpg 576w, https:\/\/clubelpasillo.com\/wp-content\/uploads\/2016\/12\/20161202_225029-e1481305436670-31x55.jpg 31w, https:\/\/clubelpasillo.com\/wp-content\/uploads\/2016\/12\/20161202_225029-e1481305436670-310x551.jpg 310w, https:\/\/clubelpasillo.com\/wp-content\/uploads\/2016\/12\/20161202_225029-e1481305436670.jpg 720w\" sizes=\"auto, (max-width: 169px) 100vw, 169px\" \/><\/a><\/p>\n","protected":false},"excerpt":{"rendered":"<p>Hoy estaba en el agua cogiendo unas olitas y un socio me ha preguntado cu\u00e1ndo estar\u00eda la \u00a0cr\u00f3nica de la semana pasada. \u00a0Con cierta verg\u00fcenza le dicho que sin falta este fin de semana (una&#8230;<\/p>\n","protected":false},"author":4,"featured_media":0,"comment_status":"open","ping_status":"open","sticky":false,"template":"","format":"standard","meta":{"footnotes":""},"categories":[5],"tags":[],"class_list":["post-3534","post","type-post","status-publish","format-standard","hentry","category-noticias"],"_links":{"self":[{"href":"https:\/\/clubelpasillo.com\/index.php?rest_route=\/wp\/v2\/posts\/3534","targetHints":{"allow":["GET"]}}],"collection":[{"href":"https:\/\/clubelpasillo.com\/index.php?rest_route=\/wp\/v2\/posts"}],"about":[{"href":"https:\/\/clubelpasillo.com\/index.php?rest_route=\/wp\/v2\/types\/post"}],"author":[{"embeddable":true,"href":"https:\/\/clubelpasillo.com\/index.php?rest_route=\/wp\/v2\/users\/4"}],"replies":[{"embeddable":true,"href":"https:\/\/clubelpasillo.com\/index.php?rest_route=%2Fwp%2Fv2%2Fcomments&post=3534"}],"version-history":[{"count":4,"href":"https:\/\/clubelpasillo.com\/index.php?rest_route=\/wp\/v2\/posts\/3534\/revisions"}],"predecessor-version":[{"id":3543,"href":"https:\/\/clubelpasillo.com\/index.php?rest_route=\/wp\/v2\/posts\/3534\/revisions\/3543"}],"wp:attachment":[{"href":"https:\/\/clubelpasillo.com\/index.php?rest_route=%2Fwp%2Fv2%2Fmedia&parent=3534"}],"wp:term":[{"taxonomy":"category","embeddable":true,"href":"https:\/\/clubelpasillo.com\/index.php?rest_route=%2Fwp%2Fv2%2Fcategories&post=3534"},{"taxonomy":"post_tag","embeddable":true,"href":"https:\/\/clubelpasillo.com\/index.php?rest_route=%2Fwp%2Fv2%2Ftags&post=3534"}],"curies":[{"name":"wp","href":"https:\/\/api.w.org\/{rel}","templated":true}]}}