{"id":1221,"date":"2016-06-22T15:15:08","date_gmt":"2016-06-22T15:15:08","guid":{"rendered":"http:\/\/clubelpasillo.com\/?p=1221"},"modified":"2016-07-13T18:39:55","modified_gmt":"2016-07-13T18:39:55","slug":"conferencia-y-cena","status":"publish","type":"post","link":"https:\/\/clubelpasillo.com\/?p=1221","title":{"rendered":"Conferencia y cena"},"content":{"rendered":"<p style=\"text-align: center;\"><a href=\"http:\/\/clubelpasillo.com\/wp-content\/uploads\/2016\/07\/DSC_0001-FILEminimizer.jpg\"><img loading=\"lazy\" decoding=\"async\" class=\"alignnone size-medium wp-image-1225\" src=\"http:\/\/clubelpasillo.com\/wp-content\/uploads\/2016\/07\/DSC_0001-FILEminimizer-300x200.jpg\" alt=\"DSC_0001 (FILEminimizer)\" width=\"300\" height=\"200\" srcset=\"https:\/\/clubelpasillo.com\/wp-content\/uploads\/2016\/07\/DSC_0001-FILEminimizer-300x200.jpg 300w, https:\/\/clubelpasillo.com\/wp-content\/uploads\/2016\/07\/DSC_0001-FILEminimizer-1024x683.jpg 1024w, https:\/\/clubelpasillo.com\/wp-content\/uploads\/2016\/07\/DSC_0001-FILEminimizer-83x55.jpg 83w, https:\/\/clubelpasillo.com\/wp-content\/uploads\/2016\/07\/DSC_0001-FILEminimizer-310x207.jpg 310w, https:\/\/clubelpasillo.com\/wp-content\/uploads\/2016\/07\/DSC_0001-FILEminimizer.jpg 1152w\" sizes=\"auto, (max-width: 300px) 100vw, 300px\" \/><\/a><\/p>\n<p style=\"text-align: left;\">A falta de una buena cr\u00f3nica de la conferencia que dio Eduardo Luca, quer\u00eda por lo menos adelantar unas palabras , no vaya a ser que la buena cr\u00f3nica no llegue nunca, \u00a0como a veces nos pasa.<\/p>\n<p style=\"text-align: left;\">No defraud\u00f3 Eduardo, \u00a0que comenz\u00f3 repasando \u00a0los or\u00edgenes del Surf en las Islas Hawai, c\u00f3mo lleg\u00f3 entonces a USA y posteriormente a Europa (Francia): Desde all\u00ed s\u00f3lo hac\u00eda falta unos pocos a\u00f1os para que pasara la frontera y se instalara este deporte de una vez y para siempre en nuestra costa.<\/p>\n<p style=\"text-align: left;\">A lo largo de estos a\u00f1os de historia, nombr\u00f3 a varios de los profesionales que para \u00e9l han marcado diferentes hitos en el Surf (a conocido a varios como bien dijo , gracias a su car\u00e1cter extrovertido y su pasi\u00f3n por el mar y las olas) , resaltando entre todos ellos, \u00a0la figura de Slater, \u00a0como el m\u00e1ximo exponente en este deporte en su etapa contempor\u00e1nea. \u00a0 No tanto por la decena o m\u00e1s de campeonatos del mundo ganados, si no , por la revoluci\u00f3n que supuso su estilo y manera de surfear.<\/p>\n<p style=\"text-align: left;\">En cuanto a Espa\u00f1a y en concreto Vizcaya, \u00a0tambi\u00e9n hizo un resumen, comenzando por los pioneros fuera del Pais Vasco (como Fuiochi, Beraza, &#8230;) centr\u00e1ndose m\u00e1s tarde en nuestras playas con multitud de historias y personajes que todos muy bien conoc\u00e9is.<\/p>\n<p style=\"text-align: left;\">En una segunda parte de la Conferencia, mientras pasaba fotograf\u00edas cl\u00e1sicas, se dedicaba a nombrar \u00a0uno a uno a los surferos \u00a0que aparec\u00edan en ellas (qued\u00f3, \u00a0si mal no recuerdo, \u00a0s\u00f3lo, un \u00abdesconocido\u00bb), por supuesto\u00a0\u00a0con la correspondiente an\u00e9cdota del d\u00eda en que fue tomada. \u00a0Finaliz\u00f3 con una pel\u00edcula de un \u00a0Campeonato celebrado en Sopelana en los primeros a\u00f1os de los \u00a070. \u00a0Toda una joya.<\/p>\n<p style=\"text-align: left;\">Hay tantas cosas de las que hablar del Surf que seguro , entre los asistentes (casi todos, \u00a0veteranos) qued\u00f3 un gusanillo acerca de otras muchas historias y detalles, \u00a0que no lleg\u00f3 a contar (habl\u00f3 de los trajes y algo de los inventos).<\/p>\n<p style=\"text-align: left;\">El tiempo era limitado y a todo no se pod\u00eda llegar. \u00a0 Adem\u00e1s , esperamos que este tipo de \u00abvivencias\u00bb, tengamos \u00a0la oportunidad de poder contarlas aqu\u00ed en nuestra web o de escucharlas, \u00a0quiz\u00e1s en otra \u00abcharla\u00bb m\u00e1s adelante de boca de alg\u00fan otro \u00abveterano\u00bb (que hay muchos).<\/p>\n<p style=\"text-align: left;\">A continuaci\u00f3n y despu\u00e9s de un ameno aperitivo en el que Javii Cano (como organizador) y Eduardo, daban la mano a todos los presentes que \u00e9ramos m\u00e1s de 50, se pas\u00f3 a la segunda parte, \u00a0que consisti\u00f3 en una suculenta cena, por cierto, muy bien servida (organizada por Borja G\u00f3mez).<\/p>\n<p style=\"text-align: left;\">En los postres y a pesar de no disponer de material fotogr\u00e1fico, Javi Am\u00e9zaga nos adelant\u00f3 el motivo de haberse decidido a escribir un \u00a0libro de los comienzos del Surf en Vizcaya y de cu\u00e1les son los puntos principales en los que se basa el mismo.<\/p>\n<p style=\"text-align: left;\">Seguro ser\u00e1 un \u00e9xito rotundo.<\/p>\n<p style=\"text-align: left;\">Bien, como mi cabeza es p\u00e9sima, seguro me he dejado en el tintero un mont\u00f3n de cosas. En cuanto \u00a0tengamos otra cr\u00f3nica o m\u00e1s fotos , las publicaremos. \u00a0Por ahora , como \u00a0ver\u00e9is , tenemos que conformarnos con una de la cena y de no de la mejor calidad.<\/p>\n<p style=\"text-align: left;\">El Presi<\/p>\n","protected":false},"excerpt":{"rendered":"<p>A falta de una buena cr\u00f3nica de la conferencia que dio Eduardo Luca, quer\u00eda por lo menos adelantar unas palabras , no vaya a ser que la buena cr\u00f3nica no llegue nunca, \u00a0como a veces&#8230;<\/p>\n","protected":false},"author":4,"featured_media":0,"comment_status":"open","ping_status":"open","sticky":false,"template":"","format":"standard","meta":{"footnotes":""},"categories":[5],"tags":[],"class_list":["post-1221","post","type-post","status-publish","format-standard","hentry","category-noticias"],"_links":{"self":[{"href":"https:\/\/clubelpasillo.com\/index.php?rest_route=\/wp\/v2\/posts\/1221","targetHints":{"allow":["GET"]}}],"collection":[{"href":"https:\/\/clubelpasillo.com\/index.php?rest_route=\/wp\/v2\/posts"}],"about":[{"href":"https:\/\/clubelpasillo.com\/index.php?rest_route=\/wp\/v2\/types\/post"}],"author":[{"embeddable":true,"href":"https:\/\/clubelpasillo.com\/index.php?rest_route=\/wp\/v2\/users\/4"}],"replies":[{"embeddable":true,"href":"https:\/\/clubelpasillo.com\/index.php?rest_route=%2Fwp%2Fv2%2Fcomments&post=1221"}],"version-history":[{"count":2,"href":"https:\/\/clubelpasillo.com\/index.php?rest_route=\/wp\/v2\/posts\/1221\/revisions"}],"predecessor-version":[{"id":1243,"href":"https:\/\/clubelpasillo.com\/index.php?rest_route=\/wp\/v2\/posts\/1221\/revisions\/1243"}],"wp:attachment":[{"href":"https:\/\/clubelpasillo.com\/index.php?rest_route=%2Fwp%2Fv2%2Fmedia&parent=1221"}],"wp:term":[{"taxonomy":"category","embeddable":true,"href":"https:\/\/clubelpasillo.com\/index.php?rest_route=%2Fwp%2Fv2%2Fcategories&post=1221"},{"taxonomy":"post_tag","embeddable":true,"href":"https:\/\/clubelpasillo.com\/index.php?rest_route=%2Fwp%2Fv2%2Ftags&post=1221"}],"curies":[{"name":"wp","href":"https:\/\/api.w.org\/{rel}","templated":true}]}}